{"id":9899,"date":"2026-05-02T19:52:53","date_gmt":"2026-05-02T17:52:53","guid":{"rendered":"https:\/\/oswiataberlin.de\/?p=9899"},"modified":"2026-05-03T14:49:16","modified_gmt":"2026-05-03T12:49:16","slug":"medale-pro-patria","status":"publish","type":"post","link":"https:\/\/oswiataberlin.de\/de\/medale-pro-patria\/","title":{"rendered":"Auszeichnung mit der Medaille \u201ePro Patria\u201c am 2. Mai 2026"},"content":{"rendered":"<section class=\"text-token-text-primary w-full focus:outline-none [--shadow-height:45px] has-data-writing-block:pointer-events-none has-data-writing-block:-mt-(--shadow-height) has-data-writing-block:pt-(--shadow-height) [&amp;:has([data-writing-block])&gt;*]:pointer-events-auto [content-visibility:auto] supports-[content-visibility:auto]:[contain-intrinsic-size:auto_100lvh] R6Vx5W_threadScrollVars scroll-mb-[calc(var(--scroll-root-safe-area-inset-bottom,0px)+var(--thread-response-height))] scroll-mt-[calc(var(--header-height)+min(200px,max(70px,20svh)))]\" dir=\"auto\" data-turn-id=\"request-WEB:47a5e1d1-9eaf-4754-84cc-fd767a637a19-4\" data-testid=\"conversation-turn-10\" data-scroll-anchor=\"false\" data-turn=\"assistant\">\n<div class=\"text-base my-auto mx-auto pb-10 [--thread-content-margin:var(--thread-content-margin-xs,calc(var(--spacing)*4))] @w-sm\/main:[--thread-content-margin:var(--thread-content-margin-sm,calc(var(--spacing)*6))] @w-lg\/main:[--thread-content-margin:var(--thread-content-margin-lg,calc(var(--spacing)*16))] px-(--thread-content-margin)\">\n<div class=\"[--thread-content-max-width:40rem] @w-lg\/main:[--thread-content-max-width:48rem] mx-auto max-w-(--thread-content-max-width) flex-1 group\/turn-messages focus-visible:outline-hidden relative flex w-full min-w-0 flex-col agent-turn\">\n<div class=\"flex max-w-full flex-col gap-4 grow\">\n<div class=\"min-h-8 text-message relative flex w-full flex-col items-end gap-2 text-start break-words whitespace-normal outline-none keyboard-focused:focus-ring [.text-message+&amp;]:mt-1\" dir=\"auto\" tabindex=\"0\" data-message-author-role=\"assistant\" data-message-id=\"5a620ffc-776b-488d-9f6a-7fb14dc865dd\" data-message-model-slug=\"gpt-5-3\" data-turn-start-message=\"true\">\n<div class=\"flex w-full flex-col gap-1 empty:hidden\">\n<div class=\"markdown prose dark:prose-invert w-full wrap-break-word light markdown-new-styling\">\n<p data-start=\"199\" data-end=\"408\">Am 2. Mai 2026, an einem so bedeutenden Tag wie dem Tag der Polonia und der Polinnen und Polen im Ausland sowie dem Tag der Flagge, wurden Ewa \u015alaska und Anna Krenz mit der Medaille \u201ePro Patria\u201c ausgezeichnet. Die Auszeichnung wurde vom Amt f\u00fcr Kombattanten und politisch Verfolgte verliehen f\u00fcr ihr Engagement f\u00fcr die Erinnerungskultur, insbesondere f\u00fcr die W\u00fcrdigung von Polinnen, die im Widerstand in Berlin aktiv waren. Unsere Sch\u00fclerinnen und Sch\u00fcler hatten im Polnischunterricht die M\u00f6glichkeit, im Rahmen unseres gemeinsamen Projekts \u201eJa lubi\u0119 sobie wyobra\u017ca\u0107\u201c die Geschichte einer von ihnen \u2013 Irena Bobowska \u2013 kennenzulernen.<\/p>\n<p data-start=\"837\" data-end=\"1099\">Die feierliche Verleihung fand im Pilecki-Institut in Berlin statt, in Anwesenheit von Veteranen der 1. Armee der Polnischen Streitkr\u00e4fte, eines Vertreters des Amtes f\u00fcr Kombattanten und politisch Verfolgte sowie von Vertreterinnen und Vertretern der Diplomatie.<\/p>\n<p data-start=\"1101\" data-end=\"1169\">Leider konnte Anna Krenz an der heutigen Zeremonie nicht teilnehmen.<\/p>\n<p data-start=\"1171\" data-end=\"1434\">Von Herzen gratulieren wir Ewa und Anna zu dieser wohlverdienten Auszeichnung. Es ist von gro\u00dfer Bedeutung, dass Ihr daf\u00fcr sorgt, dass die Erinnerung an polnische Heldinnen an die n\u00e4chsten Generationen weitergegeben wird, auch hier, au\u00dferhalb der Grenzen Polens.<\/p>\n<p data-start=\"1436\" data-end=\"2047\">* Der Tag der Flagge wurde zur Erinnerung an das Hissen der wei\u00df-roten Flagge \u00fcber dem eroberten Berlin eingef\u00fchrt. Zum 81. Jahrestag dieser Ereignisse fanden in Berlin zahlreiche Gedenkveranstaltungen statt, unter anderem wurde die polnische Flagge an der Freiheitsstatue gehisst.<br data-start=\"1718\" data-end=\"1721\" \/>Im Pilecki-Institut fand zudem die Verleihung von Auszeichnungen an Personen statt, die sich in besonderer Weise f\u00fcr die Pflege der historischen Erinnerung engagieren. Die Medaille \u201ePro Patria\u201c erhielten neben Ewa \u015alaska und Anna Krenz auch Alina und Klaus Lautner, Reinhard Leitner sowie Jan Wardecki. Herzlichen Gl\u00fcckwunsch!<\/p>\n<div id='gallery-1' class='gallery galleryid-9899 gallery-columns-3 gallery-size-thumbnail'><figure class='gallery-item'>\n\t\t\t<div class='gallery-icon portrait'>\n\t\t\t\t<a href='https:\/\/oswiataberlin.de\/de\/medale-pro-patria\/img_8802\/'><img loading=\"lazy\" decoding=\"async\" width=\"150\" height=\"150\" src=\"https:\/\/oswiataberlin.de\/wp-content\/uploads\/2026\/05\/IMG_8802-150x150.jpg\" class=\"attachment-thumbnail size-thumbnail\" alt=\"\" \/><\/a>\n\t\t\t<\/div><\/figure><figure class='gallery-item'>\n\t\t\t<div class='gallery-icon portrait'>\n\t\t\t\t<a href='https:\/\/oswiataberlin.de\/de\/medale-pro-patria\/img_8787\/'><img loading=\"lazy\" decoding=\"async\" width=\"150\" height=\"150\" src=\"https:\/\/oswiataberlin.de\/wp-content\/uploads\/2026\/05\/IMG_8787-150x150.jpeg\" class=\"attachment-thumbnail size-thumbnail\" alt=\"\" \/><\/a>\n\t\t\t<\/div><\/figure><figure class='gallery-item'>\n\t\t\t<div class='gallery-icon landscape'>\n\t\t\t\t<a href='https:\/\/oswiataberlin.de\/de\/medale-pro-patria\/img_8792\/'><img loading=\"lazy\" decoding=\"async\" width=\"150\" height=\"150\" src=\"https:\/\/oswiataberlin.de\/wp-content\/uploads\/2026\/05\/IMG_8792-150x150.jpeg\" class=\"attachment-thumbnail size-thumbnail\" alt=\"\" \/><\/a>\n\t\t\t<\/div><\/figure><figure class='gallery-item'>\n\t\t\t<div class='gallery-icon portrait'>\n\t\t\t\t<a href='https:\/\/oswiataberlin.de\/de\/medale-pro-patria\/img_8789\/'><img loading=\"lazy\" decoding=\"async\" width=\"150\" height=\"150\" src=\"https:\/\/oswiataberlin.de\/wp-content\/uploads\/2026\/05\/IMG_8789-150x150.jpeg\" class=\"attachment-thumbnail size-thumbnail\" alt=\"\" \/><\/a>\n\t\t\t<\/div><\/figure><figure class='gallery-item'>\n\t\t\t<div class='gallery-icon portrait'>\n\t\t\t\t<a href='https:\/\/oswiataberlin.de\/de\/medale-pro-patria\/img_8790\/'><img loading=\"lazy\" decoding=\"async\" width=\"150\" height=\"150\" src=\"https:\/\/oswiataberlin.de\/wp-content\/uploads\/2026\/05\/IMG_8790-150x150.jpeg\" class=\"attachment-thumbnail size-thumbnail\" alt=\"\" \/><\/a>\n\t\t\t<\/div><\/figure><figure class='gallery-item'>\n\t\t\t<div class='gallery-icon portrait'>\n\t\t\t\t<a href='https:\/\/oswiataberlin.de\/de\/medale-pro-patria\/img_8794\/'><img loading=\"lazy\" decoding=\"async\" width=\"150\" height=\"150\" src=\"https:\/\/oswiataberlin.de\/wp-content\/uploads\/2026\/05\/IMG_8794-150x150.jpeg\" class=\"attachment-thumbnail size-thumbnail\" alt=\"\" \/><\/a>\n\t\t\t<\/div><\/figure><figure class='gallery-item'>\n\t\t\t<div class='gallery-icon portrait'>\n\t\t\t\t<a href='https:\/\/oswiataberlin.de\/de\/medale-pro-patria\/img_8797\/'><img loading=\"lazy\" decoding=\"async\" width=\"150\" height=\"150\" src=\"https:\/\/oswiataberlin.de\/wp-content\/uploads\/2026\/05\/IMG_8797-150x150.jpeg\" class=\"attachment-thumbnail size-thumbnail\" alt=\"\" \/><\/a>\n\t\t\t<\/div><\/figure><figure class='gallery-item'>\n\t\t\t<div class='gallery-icon portrait'>\n\t\t\t\t<a href='https:\/\/oswiataberlin.de\/de\/medale-pro-patria\/img_8799\/'><img loading=\"lazy\" decoding=\"async\" width=\"150\" height=\"150\" src=\"https:\/\/oswiataberlin.de\/wp-content\/uploads\/2026\/05\/IMG_8799-150x150.jpeg\" class=\"attachment-thumbnail size-thumbnail\" alt=\"\" \/><\/a>\n\t\t\t<\/div><\/figure>\n\t\t<\/div>\n\n<\/div>\n<\/div>\n<\/div>\n<\/div>\n<div class=\"mt-3 w-full empty:hidden\"><\/div>\n<\/div>\n<\/div>\n<\/section>\n","protected":false},"excerpt":{"rendered":"<p>Am 2. Mai 2026, an einem so bedeutenden Tag wie dem Tag der Polonia und der Polinnen und Polen im Ausland sowie dem Tag der Flagge, wurden Ewa \u015alaska und Anna Krenz mit der Medaille \u201ePro Patria\u201c ausgezeichnet. Die Auszeichnung wurde vom Amt f\u00fcr Kombattanten und politisch Verfolgte verliehen f\u00fcr ihr Engagement f\u00fcr die Erinnerungskultur, [&hellip;]<\/p>\n","protected":false},"author":5,"featured_media":9907,"comment_status":"closed","ping_status":"open","sticky":false,"template":"","format":"standard","meta":{"two_page_speed":[],"footnotes":""},"categories":[95],"tags":[],"class_list":["post-9899","post","type-post","status-publish","format-standard","has-post-thumbnail","hentry","category-aktualnosci"],"translation":{"provider":"WPGlobus","version":"3.0.2","language":"de","enabled_languages":["pl","de"],"languages":{"pl":{"title":true,"content":true,"excerpt":false},"de":{"title":true,"content":true,"excerpt":false}}},"_links":{"self":[{"href":"https:\/\/oswiataberlin.de\/de\/wp-json\/wp\/v2\/posts\/9899","targetHints":{"allow":["GET"]}}],"collection":[{"href":"https:\/\/oswiataberlin.de\/de\/wp-json\/wp\/v2\/posts"}],"about":[{"href":"https:\/\/oswiataberlin.de\/de\/wp-json\/wp\/v2\/types\/post"}],"author":[{"embeddable":true,"href":"https:\/\/oswiataberlin.de\/de\/wp-json\/wp\/v2\/users\/5"}],"replies":[{"embeddable":true,"href":"https:\/\/oswiataberlin.de\/de\/wp-json\/wp\/v2\/comments?post=9899"}],"version-history":[{"count":6,"href":"https:\/\/oswiataberlin.de\/de\/wp-json\/wp\/v2\/posts\/9899\/revisions"}],"predecessor-version":[{"id":9928,"href":"https:\/\/oswiataberlin.de\/de\/wp-json\/wp\/v2\/posts\/9899\/revisions\/9928"}],"wp:featuredmedia":[{"embeddable":true,"href":"https:\/\/oswiataberlin.de\/de\/wp-json\/wp\/v2\/media\/9907"}],"wp:attachment":[{"href":"https:\/\/oswiataberlin.de\/de\/wp-json\/wp\/v2\/media?parent=9899"}],"wp:term":[{"taxonomy":"category","embeddable":true,"href":"https:\/\/oswiataberlin.de\/de\/wp-json\/wp\/v2\/categories?post=9899"},{"taxonomy":"post_tag","embeddable":true,"href":"https:\/\/oswiataberlin.de\/de\/wp-json\/wp\/v2\/tags?post=9899"}],"curies":[{"name":"wp","href":"https:\/\/api.w.org\/{rel}","templated":true}]}}