{"id":9455,"date":"2025-12-02T18:00:26","date_gmt":"2025-12-02T17:00:26","guid":{"rendered":"https:\/\/oswiataberlin.de\/?p=9455"},"modified":"2025-12-29T21:23:32","modified_gmt":"2025-12-29T20:23:32","slug":"polonijne-inicjatywy-w-berlinie","status":"publish","type":"post","link":"https:\/\/oswiataberlin.de\/de\/polonijne-inicjatywy-w-berlinie\/","title":{"rendered":"Polnische Initiativen in Berlin"},"content":{"rendered":"<p data-start=\"139\" data-end=\"307\">Nach einer Reihe wertvoller Webinare war es Zeit f\u00fcr das sprichw\u00f6rtliche <strong data-start=\"212\" data-end=\"228\">i-T\u00fcpfelchen<\/strong>:<br data-start=\"229\" data-end=\"232\" \/>die au\u00dfergew\u00f6hnliche Pr\u00e4senzschulung <strong data-start=\"269\" data-end=\"306\">\u201ePolnische Initiativen in Berlin\u201c<\/strong>!<\/p>\n<p data-start=\"309\" data-end=\"759\">An der Veranstaltung nahmen Vertreterinnen und Vertreter der Polonia aus <strong data-start=\"382\" data-end=\"396\">16 L\u00e4ndern<\/strong> teil, darunter aus<br data-start=\"415\" data-end=\"418\" \/>\ud83c\udde9\ud83c\uddea <strong data-start=\"423\" data-end=\"438\">Deutschland<\/strong> \u2022 \ud83c\uddec\ud83c\udde7 <strong data-start=\"446\" data-end=\"484\">England, Schottland und Nordirland<\/strong> \u2022 \ud83c\uddee\ud83c\uddea <strong data-start=\"492\" data-end=\"502\">Irland<\/strong> \u2022 \ud83c\uddf1\ud83c\uddfb <strong data-start=\"510\" data-end=\"522\">Lettland<\/strong> \u2022 \ud83c\udde6\ud83c\uddea <strong data-start=\"530\" data-end=\"562\">Vereinigte Arabische Emirate<\/strong> \u2022 \ud83c\uddfa\ud83c\udde6 <strong data-start=\"570\" data-end=\"581\">Ukraine<\/strong> \u2022 \ud83c\uddf8\ud83c\uddea <strong data-start=\"589\" data-end=\"601\">Schweden<\/strong> \u2022 \ud83c\udded\ud83c\uddfa <strong data-start=\"609\" data-end=\"619\">Ungarn<\/strong> \u2022 \ud83c\uddf3\ud83c\uddf1 <strong data-start=\"627\" data-end=\"642\">Niederlande<\/strong> \u2022 \ud83c\uddf6\ud83c\udde6 <strong data-start=\"650\" data-end=\"659\" data-is-only-node=\"\">Katar<\/strong> \u2022 \ud83c\uddeb\ud83c\uddf7 <strong data-start=\"667\" data-end=\"681\">Frankreich<\/strong> \u2022 \ud83c\uddf9\ud83c\uddf7 <strong data-start=\"689\" data-end=\"699\">T\u00fcrkei<\/strong> \u2022 \ud83c\uddea\ud83c\uddf8 <strong data-start=\"707\" data-end=\"718\">Spanien<\/strong> \u2022 \ud83c\uddf3\ud83c\uddf4 <strong data-start=\"726\" data-end=\"738\">Norwegen<\/strong> \u2022 \ud83c\uddf5\ud83c\uddf9 <strong data-start=\"746\" data-end=\"758\">Portugal<\/strong>.<\/p>\n<p data-start=\"761\" data-end=\"1174\">Jeder Tag war gepr\u00e4gt von intensiver Workshop-Arbeit \u2013 von aktivierenden Methoden \u00fcber den Aufbau erster sprachlicher Strukturen, Strategien zur Aktivierung der Lernenden, Klassenmanagement bis hin zu L\u00f6sungen, die die aktive Beteiligung der Kinder am Unterricht erleichtern.<br data-start=\"1036\" data-end=\"1039\" \/>Es gab viel Bewegung, frische Ideen und kreative Energie, die wir schon bald in unseren polnischen Schulen im Ausland einsetzen werden!<\/p>\n<p data-start=\"1176\" data-end=\"1470\">Wir hatten au\u00dferdem die Gelegenheit, zahlreiche Werkzeuge und Unterrichtsmaterialien kennenzulernen, darunter:<br data-start=\"1286\" data-end=\"1289\" \/>\u2013 <strong data-start=\"1291\" data-end=\"1304\">OH-Karten<\/strong>, <strong data-start=\"1306\" data-end=\"1314\">SAGA<\/strong>, <strong data-start=\"1316\" data-end=\"1330\">Lernkarten<\/strong>, <strong data-start=\"1332\" data-end=\"1367\">Karten zur Sprachprogrammierung<\/strong> \u2026 sowie viele weitere inspirierende didaktische Materialien, die direkt im Unterricht einsetzbar sind.<\/p>\n<p data-start=\"1472\" data-end=\"1776\">Ein weiterer Programmpunkt war eine <strong data-start=\"1508\" data-end=\"1528\">aktive Exkursion<\/strong> mit Methoden zur Sch\u00fcleraktivierung <strong data-start=\"1565\" data-end=\"1602\">vor, w\u00e4hrend und nach einer Reise<\/strong>. Nach den Workshops machten wir uns gemeinsam auf, das weihnachtliche Berlin zu entdecken \u2013 voller funkelnder Lichter, festlicher D\u00fcfte und einer ganz besonderen Atmosph\u00e4re.<\/p>\n<p data-start=\"1778\" data-end=\"2150\">Die Stimmung w\u00e4hrend der Schulung war gro\u00dfartig: gepr\u00e4gt von Herzlichkeit, Neugier, Achtsamkeit und einer gro\u00dfen Bereitschaft, bew\u00e4hrte Ideen miteinander zu teilen. Die Gespr\u00e4che und der Erfahrungsaustausch werden uns noch lange begleiten.<br data-start=\"2017\" data-end=\"2020\" \/>Es waren Tage, an denen jede und jeder etwas eingebracht hat \u2013 und alle bereichert mit neuen Erfahrungen nach Hause gegangen sind.<\/p>\n<p data-start=\"2152\" data-end=\"2593\">Als <strong data-start=\"2156\" data-end=\"2202\">Polnischer Schulverein \u201eO\u015bwiata\u201c in Berlin<\/strong> hatten wir die gro\u00dfe Freude, dieses Projekt gemeinsam mit der <strong data-start=\"2265\" data-end=\"2285\">Stiftung Edu SEN<\/strong> mitzugestalten.<br data-start=\"2301\" data-end=\"2304\" \/>Von Herzen danken wir f\u00fcr das Vertrauen und die M\u00f6glichkeit, Partner dieses Vorhabens zu sein. Es war eine aufbauende, motivierende und inspirierende Erfahrung. Wir freuen uns, dass wir daran teilnehmen durften \u2013 und sind \u00fcberzeugt, dass dies erst der Anfang unseres gemeinsamen Weges ist!<\/p>\n<p data-start=\"2595\" data-end=\"2621\"><strong data-start=\"2595\" data-end=\"2621\">Emilia Wojtania-Chmiel<\/strong><\/p>\n<p data-start=\"2595\" data-end=\"2621\"><img loading=\"lazy\" decoding=\"async\" class=\"alignnone size-medium wp-image-9374\" src=\"https:\/\/oswiataberlin.de\/wp-content\/uploads\/2025\/11\/Unknown-300x225.jpeg\" alt=\"\" width=\"300\" height=\"225\" srcset=\"https:\/\/oswiataberlin.de\/wp-content\/uploads\/2025\/11\/Unknown-300x225.jpeg 300w, https:\/\/oswiataberlin.de\/wp-content\/uploads\/2025\/11\/Unknown-410x307.jpeg 410w, https:\/\/oswiataberlin.de\/wp-content\/uploads\/2025\/11\/Unknown-100x75.jpeg 100w, https:\/\/oswiataberlin.de\/wp-content\/uploads\/2025\/11\/Unknown-275x206.jpeg 275w, https:\/\/oswiataberlin.de\/wp-content\/uploads\/2025\/11\/Unknown.jpeg 515w\" sizes=\"auto, (max-width: 300px) 100vw, 300px\" \/><\/p>\n","protected":false},"excerpt":{"rendered":"<p>Nach einer Reihe wertvoller Webinare war es Zeit f\u00fcr das sprichw\u00f6rtliche i-T\u00fcpfelchen:die au\u00dfergew\u00f6hnliche Pr\u00e4senzschulung \u201ePolnische Initiativen in Berlin\u201c! An der Veranstaltung nahmen Vertreterinnen und Vertreter der Polonia aus 16 L\u00e4ndern teil, darunter aus\ud83c\udde9\ud83c\uddea Deutschland \u2022 \ud83c\uddec\ud83c\udde7 England, Schottland und Nordirland \u2022 \ud83c\uddee\ud83c\uddea Irland \u2022 \ud83c\uddf1\ud83c\uddfb Lettland \u2022 \ud83c\udde6\ud83c\uddea Vereinigte Arabische Emirate \u2022 \ud83c\uddfa\ud83c\udde6 Ukraine \u2022 [&hellip;]<\/p>\n","protected":false},"author":5,"featured_media":9374,"comment_status":"closed","ping_status":"open","sticky":false,"template":"","format":"standard","meta":{"two_page_speed":[],"footnotes":""},"categories":[95],"tags":[],"class_list":["post-9455","post","type-post","status-publish","format-standard","has-post-thumbnail","hentry","category-aktualnosci"],"translation":{"provider":"WPGlobus","version":"3.0.2","language":"de","enabled_languages":["pl","de"],"languages":{"pl":{"title":true,"content":true,"excerpt":false},"de":{"title":true,"content":true,"excerpt":false}}},"_links":{"self":[{"href":"https:\/\/oswiataberlin.de\/de\/wp-json\/wp\/v2\/posts\/9455","targetHints":{"allow":["GET"]}}],"collection":[{"href":"https:\/\/oswiataberlin.de\/de\/wp-json\/wp\/v2\/posts"}],"about":[{"href":"https:\/\/oswiataberlin.de\/de\/wp-json\/wp\/v2\/types\/post"}],"author":[{"embeddable":true,"href":"https:\/\/oswiataberlin.de\/de\/wp-json\/wp\/v2\/users\/5"}],"replies":[{"embeddable":true,"href":"https:\/\/oswiataberlin.de\/de\/wp-json\/wp\/v2\/comments?post=9455"}],"version-history":[{"count":5,"href":"https:\/\/oswiataberlin.de\/de\/wp-json\/wp\/v2\/posts\/9455\/revisions"}],"predecessor-version":[{"id":9573,"href":"https:\/\/oswiataberlin.de\/de\/wp-json\/wp\/v2\/posts\/9455\/revisions\/9573"}],"wp:featuredmedia":[{"embeddable":true,"href":"https:\/\/oswiataberlin.de\/de\/wp-json\/wp\/v2\/media\/9374"}],"wp:attachment":[{"href":"https:\/\/oswiataberlin.de\/de\/wp-json\/wp\/v2\/media?parent=9455"}],"wp:term":[{"taxonomy":"category","embeddable":true,"href":"https:\/\/oswiataberlin.de\/de\/wp-json\/wp\/v2\/categories?post=9455"},{"taxonomy":"post_tag","embeddable":true,"href":"https:\/\/oswiataberlin.de\/de\/wp-json\/wp\/v2\/tags?post=9455"}],"curies":[{"name":"wp","href":"https:\/\/api.w.org\/{rel}","templated":true}]}}