{"id":9415,"date":"2025-12-09T22:38:21","date_gmt":"2025-12-09T21:38:21","guid":{"rendered":"https:\/\/oswiataberlin.de\/?p=9415"},"modified":"2025-12-29T20:55:40","modified_gmt":"2025-12-29T19:55:40","slug":"spotkanie-z-pania-marszalek-kidawa-blonska","status":"publish","type":"post","link":"https:\/\/oswiataberlin.de\/de\/spotkanie-z-pania-marszalek-kidawa-blonska\/","title":{"rendered":"Treffen mit der Marschallin des Senats, Ma\u0142gorzata Kidawa-B\u0142o\u0144ska"},"content":{"rendered":"<p data-start=\"84\" data-end=\"451\">W\u00e4hrend des diesj\u00e4hrigen weihnachtlichen Treffens des <strong data-start=\"138\" data-end=\"185\">Polnischen Schulvereins \u201eO\u015bwiata\u201c in Berlin<\/strong> hatten wir die Ehre, herausragende Vertreterinnen und Vertreter polnischer staatlicher Institutionen begr\u00fc\u00dfen zu d\u00fcrfen. Unsere Feier wurde durch die Anwesenheit der <strong data-start=\"352\" data-end=\"429\">Marschallin des Senats der Republik Polen, Frau Ma\u0142gorzata Kidawa-B\u0142o\u0144ska<\/strong>, besonders gew\u00fcrdigt.<\/p>\n<p data-start=\"453\" data-end=\"1071\">Das Treffen er\u00f6ffnete sie mit au\u00dfergew\u00f6hnlich warmen Worten:<br data-start=\"513\" data-end=\"516\" \/>\u201eIch freue mich, dass ich die Zeit der Vorbereitung auf Weihnachten gemeinsam mit euch beginnen kann.\u201c<br data-start=\"618\" data-end=\"621\" \/>In ihrer Ansprache betonte sie zudem die besondere Bedeutung der Mission von O\u015bwiata:<br data-start=\"706\" data-end=\"709\" \/>\u201eDie Arbeit, die ihr leistet, ist von unsch\u00e4tzbarem Wert, denn sie ist nicht nur Sprachunterricht. Sie erz\u00e4hlt auch von unserer Geschichte, unseren Errungenschaften, unseren Tr\u00e4umen und davon, wer wir sind.\u201c<br data-start=\"916\" data-end=\"919\" \/>Diese Worte waren f\u00fcr unsere Gemeinschaft eine gro\u00dfe Auszeichnung und Ausdruck eines tiefen Verst\u00e4ndnisses f\u00fcr die Rolle, die O\u015bwiata in Berlin erf\u00fcllt.<\/p>\n<p data-start=\"1073\" data-end=\"1131\">Gemeinsam mit Frau Marschallin nahmen an dem Treffen teil:<\/p>\n<ul data-start=\"1133\" data-end=\"1509\">\n<li data-start=\"1133\" data-end=\"1243\">\n<p data-start=\"1135\" data-end=\"1243\"><strong data-start=\"1135\" data-end=\"1157\">Herr Jan Tombi\u0144ski<\/strong>, Charg\u00e9 d\u2019affaires ad interim der Republik Polen in der Bundesrepublik Deutschland,<\/p>\n<\/li>\n<li data-start=\"1244\" data-end=\"1303\">\n<p data-start=\"1246\" data-end=\"1303\"><strong data-start=\"1246\" data-end=\"1271\">Frau Marzena K\u0119powicz<\/strong>, Konsulin der Republik Polen,<\/p>\n<\/li>\n<li data-start=\"1304\" data-end=\"1385\">\n<p data-start=\"1306\" data-end=\"1385\"><strong data-start=\"1306\" data-end=\"1333\">Frau Joanna Gajda-G\u0142uch<\/strong>, Direktorin des B\u00fcros der Marschallin des Senats,<\/p>\n<\/li>\n<li data-start=\"1386\" data-end=\"1509\">\n<p data-start=\"1388\" data-end=\"1509\"><strong data-start=\"1388\" data-end=\"1415\">Herr Robert Tyszkiewicz<\/strong>, Koordinator f\u00fcr Polonia und im Ausland lebende Polinnen und Polen in der Kanzlei des Senats.<\/p>\n<\/li>\n<\/ul>\n<p data-start=\"1511\" data-end=\"1775\">Ein besonderer H\u00f6hepunkt des Abends war der Auftritt des <strong data-start=\"1568\" data-end=\"1601\">O\u015bwiata-Theaters \u201eBez Paniki\u201c<\/strong>. Die humorvolle Auff\u00fchrung begeisterte das Publikum, und das L\u00e4cheln sowie die spontane Freude der Frau Marschallin geh\u00f6rten f\u00fcr uns zu den sch\u00f6nsten Momenten dieses Abends.<\/p>\n<p data-start=\"1777\" data-end=\"2097\">Der Abend war zudem von einer wunderbaren Gemeinschaft des gemeinsamen Weihnachtssingens gepr\u00e4gt. Zusammen mit der Band <strong data-start=\"1897\" data-end=\"1919\">\u201eStan Zawieszenia\u201c<\/strong> sangen wir Weihnachtslieder und schufen eine Atmosph\u00e4re von N\u00e4he, W\u00e4rme und festlicher Freude, die Generationen miteinander verband \u2013 Kinder, Eltern und unsere besonderen G\u00e4ste.<\/p>\n<p data-start=\"2099\" data-end=\"2624\">In seiner Ansprache dankte der <strong data-start=\"2130\" data-end=\"2163\">Vorsitzende des PTS \u201eO\u015bwiata\u201c<\/strong> den Lehrerinnen und Lehrern f\u00fcr ihr enormes Engagement, ihre Arbeit und ihr Herzblut, das sie in die Bildung der Kinder sowie in den Aufbau der polnischen Gemeinschaft in Berlin investieren. Er betonte au\u00dferdem, dass O\u015bwiata derzeit eine der besten Phasen ihrer <strong data-start=\"2426\" data-end=\"2452\">37-j\u00e4hrigen Geschichte<\/strong> erlebt \u2013 was jedoch ohne den Einsatz und die Entschlossenheit all jener nicht m\u00f6glich gewesen w\u00e4re, die \u00fcber viele Jahre hinweg das Fundament des Vereins geschaffen haben.<\/p>\n<p data-start=\"2626\" data-end=\"2914\">Der gesamte Abend verlief in einer Atmosph\u00e4re des Dialogs, der N\u00e4he und des gegenseitigen Verst\u00e4ndnisses. Gespr\u00e4che \u00fcber Bildung, Zweisprachigkeit und die Weiterentwicklung der O\u015bwiata-Projekte unterstrichen einmal mehr, wie wichtig das ist, was wir seit <strong data-start=\"2881\" data-end=\"2894\">37 Jahren<\/strong> gemeinsam aufbauen.<\/p>\n<p data-start=\"2916\" data-end=\"3043\">Dieses Treffen wird uns lange in Erinnerung bleiben \u2013 als ein Abend voller Herzlichkeit, Inspiration und gelebter Gemeinschaft.<\/p>\n<p data-start=\"3045\" data-end=\"3138\">Wir danken herzlich allen, die dazu beigetragen haben, dass dieser Besuch stattfinden konnte.<\/p>\n<div id='gallery-1' class='gallery galleryid-9415 gallery-columns-3 gallery-size-thumbnail'><figure class='gallery-item'>\n\t\t\t<div class='gallery-icon landscape'>\n\t\t\t\t<a href='https:\/\/oswiataberlin.de\/de\/spotkanie-z-pania-marszalek-kidawa-blonska\/ks_20251207_a%c2%81k_355107-2\/'><img loading=\"lazy\" decoding=\"async\" width=\"150\" height=\"150\" src=\"https:\/\/oswiataberlin.de\/wp-content\/uploads\/2025\/12\/KS_20251207_A\u0081K_355107-2-150x150.jpg\" class=\"attachment-thumbnail size-thumbnail\" alt=\"\" \/><\/a>\n\t\t\t<\/div><\/figure><figure class='gallery-item'>\n\t\t\t<div class='gallery-icon landscape'>\n\t\t\t\t<a href='https:\/\/oswiataberlin.de\/de\/spotkanie-z-pania-marszalek-kidawa-blonska\/img_6705\/'><img loading=\"lazy\" decoding=\"async\" width=\"150\" height=\"150\" src=\"https:\/\/oswiataberlin.de\/wp-content\/uploads\/2025\/12\/IMG_6705-150x150.jpg\" class=\"attachment-thumbnail size-thumbnail\" alt=\"\" \/><\/a>\n\t\t\t<\/div><\/figure><figure class='gallery-item'>\n\t\t\t<div class='gallery-icon landscape'>\n\t\t\t\t<a href='https:\/\/oswiataberlin.de\/de\/spotkanie-z-pania-marszalek-kidawa-blonska\/ks_20251207_a%c2%81k_356751-2\/'><img loading=\"lazy\" decoding=\"async\" width=\"150\" height=\"150\" src=\"https:\/\/oswiataberlin.de\/wp-content\/uploads\/2025\/12\/KS_20251207_A\u0081K_356751-2-150x150.jpg\" class=\"attachment-thumbnail size-thumbnail\" alt=\"\" \/><\/a>\n\t\t\t<\/div><\/figure><figure class='gallery-item'>\n\t\t\t<div class='gallery-icon landscape'>\n\t\t\t\t<a href='https:\/\/oswiataberlin.de\/de\/spotkanie-z-pania-marszalek-kidawa-blonska\/ks_20251207_a%c2%81k_355962-2\/'><img loading=\"lazy\" decoding=\"async\" width=\"150\" height=\"150\" src=\"https:\/\/oswiataberlin.de\/wp-content\/uploads\/2025\/12\/KS_20251207_A\u0081K_355962-2-150x150.jpg\" class=\"attachment-thumbnail size-thumbnail\" alt=\"\" \/><\/a>\n\t\t\t<\/div><\/figure><figure class='gallery-item'>\n\t\t\t<div class='gallery-icon landscape'>\n\t\t\t\t<a href='https:\/\/oswiataberlin.de\/de\/spotkanie-z-pania-marszalek-kidawa-blonska\/ks_20251207_a%c2%81k_356082-2\/'><img loading=\"lazy\" decoding=\"async\" width=\"150\" height=\"150\" src=\"https:\/\/oswiataberlin.de\/wp-content\/uploads\/2025\/12\/KS_20251207_A\u0081K_356082-2-150x150.jpg\" class=\"attachment-thumbnail size-thumbnail\" alt=\"\" \/><\/a>\n\t\t\t<\/div><\/figure><figure class='gallery-item'>\n\t\t\t<div class='gallery-icon landscape'>\n\t\t\t\t<a href='https:\/\/oswiataberlin.de\/de\/spotkanie-z-pania-marszalek-kidawa-blonska\/ks_20251207_a%c2%81k_356023-2\/'><img loading=\"lazy\" decoding=\"async\" width=\"150\" height=\"150\" src=\"https:\/\/oswiataberlin.de\/wp-content\/uploads\/2025\/12\/KS_20251207_A\u0081K_356023-2-150x150.jpg\" class=\"attachment-thumbnail size-thumbnail\" alt=\"\" \/><\/a>\n\t\t\t<\/div><\/figure><figure class='gallery-item'>\n\t\t\t<div class='gallery-icon landscape'>\n\t\t\t\t<a href='https:\/\/oswiataberlin.de\/de\/spotkanie-z-pania-marszalek-kidawa-blonska\/ks_20251207_a%c2%81k_355990-2\/'><img loading=\"lazy\" decoding=\"async\" width=\"150\" height=\"150\" src=\"https:\/\/oswiataberlin.de\/wp-content\/uploads\/2025\/12\/KS_20251207_A\u0081K_355990-2-150x150.jpg\" class=\"attachment-thumbnail size-thumbnail\" alt=\"\" \/><\/a>\n\t\t\t<\/div><\/figure><figure class='gallery-item'>\n\t\t\t<div class='gallery-icon landscape'>\n\t\t\t\t<a href='https:\/\/oswiataberlin.de\/de\/spotkanie-z-pania-marszalek-kidawa-blonska\/ks_20251207_a%c2%81k_355833-2\/'><img loading=\"lazy\" decoding=\"async\" width=\"150\" height=\"150\" src=\"https:\/\/oswiataberlin.de\/wp-content\/uploads\/2025\/12\/KS_20251207_A\u0081K_355833-2-150x150.jpg\" class=\"attachment-thumbnail size-thumbnail\" alt=\"\" \/><\/a>\n\t\t\t<\/div><\/figure><figure class='gallery-item'>\n\t\t\t<div class='gallery-icon landscape'>\n\t\t\t\t<a href='https:\/\/oswiataberlin.de\/de\/spotkanie-z-pania-marszalek-kidawa-blonska\/ks_20251207_a%c2%81k_355801-2\/'><img loading=\"lazy\" decoding=\"async\" width=\"150\" height=\"150\" src=\"https:\/\/oswiataberlin.de\/wp-content\/uploads\/2025\/12\/KS_20251207_A\u0081K_355801-2-150x150.jpg\" class=\"attachment-thumbnail size-thumbnail\" alt=\"\" \/><\/a>\n\t\t\t<\/div><\/figure><figure class='gallery-item'>\n\t\t\t<div class='gallery-icon landscape'>\n\t\t\t\t<a href='https:\/\/oswiataberlin.de\/de\/spotkanie-z-pania-marszalek-kidawa-blonska\/img_6704\/'><img loading=\"lazy\" decoding=\"async\" width=\"150\" height=\"150\" src=\"https:\/\/oswiataberlin.de\/wp-content\/uploads\/2025\/12\/IMG_6704-150x150.jpg\" class=\"attachment-thumbnail size-thumbnail\" alt=\"\" \/><\/a>\n\t\t\t<\/div><\/figure><figure class='gallery-item'>\n\t\t\t<div class='gallery-icon landscape'>\n\t\t\t\t<a href='https:\/\/oswiataberlin.de\/de\/spotkanie-z-pania-marszalek-kidawa-blonska\/img_6703\/'><img loading=\"lazy\" decoding=\"async\" width=\"150\" height=\"150\" src=\"https:\/\/oswiataberlin.de\/wp-content\/uploads\/2025\/12\/IMG_6703-150x150.jpg\" class=\"attachment-thumbnail size-thumbnail\" alt=\"\" \/><\/a>\n\t\t\t<\/div><\/figure><figure class='gallery-item'>\n\t\t\t<div class='gallery-icon landscape'>\n\t\t\t\t<a href='https:\/\/oswiataberlin.de\/de\/spotkanie-z-pania-marszalek-kidawa-blonska\/att-j7dvkhgaholvcmeg4ihm99rmkrwzcv-iu2zg4rlplva\/'><img loading=\"lazy\" decoding=\"async\" width=\"150\" height=\"150\" src=\"https:\/\/oswiataberlin.de\/wp-content\/uploads\/2025\/12\/att.j7DvKHgaHOLvCmeg4ihM99RmKRWzCv-IU2Zg4rlplVA-150x150.jpg\" class=\"attachment-thumbnail size-thumbnail\" alt=\"\" \/><\/a>\n\t\t\t<\/div><\/figure>\n\t\t<\/div>\n\n","protected":false},"excerpt":{"rendered":"<p>W\u00e4hrend des diesj\u00e4hrigen weihnachtlichen Treffens des Polnischen Schulvereins \u201eO\u015bwiata\u201c in Berlin hatten wir die Ehre, herausragende Vertreterinnen und Vertreter polnischer staatlicher Institutionen begr\u00fc\u00dfen zu d\u00fcrfen. Unsere Feier wurde durch die Anwesenheit der Marschallin des Senats der Republik Polen, Frau Ma\u0142gorzata Kidawa-B\u0142o\u0144ska, besonders gew\u00fcrdigt. Das Treffen er\u00f6ffnete sie mit au\u00dfergew\u00f6hnlich warmen Worten:\u201eIch freue mich, dass ich [&hellip;]<\/p>\n","protected":false},"author":5,"featured_media":9424,"comment_status":"closed","ping_status":"open","sticky":false,"template":"","format":"standard","meta":{"two_page_speed":[],"footnotes":""},"categories":[95],"tags":[],"class_list":["post-9415","post","type-post","status-publish","format-standard","has-post-thumbnail","hentry","category-aktualnosci"],"translation":{"provider":"WPGlobus","version":"3.0.2","language":"de","enabled_languages":["pl","de"],"languages":{"pl":{"title":true,"content":true,"excerpt":false},"de":{"title":true,"content":true,"excerpt":false}}},"_links":{"self":[{"href":"https:\/\/oswiataberlin.de\/de\/wp-json\/wp\/v2\/posts\/9415","targetHints":{"allow":["GET"]}}],"collection":[{"href":"https:\/\/oswiataberlin.de\/de\/wp-json\/wp\/v2\/posts"}],"about":[{"href":"https:\/\/oswiataberlin.de\/de\/wp-json\/wp\/v2\/types\/post"}],"author":[{"embeddable":true,"href":"https:\/\/oswiataberlin.de\/de\/wp-json\/wp\/v2\/users\/5"}],"replies":[{"embeddable":true,"href":"https:\/\/oswiataberlin.de\/de\/wp-json\/wp\/v2\/comments?post=9415"}],"version-history":[{"count":8,"href":"https:\/\/oswiataberlin.de\/de\/wp-json\/wp\/v2\/posts\/9415\/revisions"}],"predecessor-version":[{"id":9549,"href":"https:\/\/oswiataberlin.de\/de\/wp-json\/wp\/v2\/posts\/9415\/revisions\/9549"}],"wp:featuredmedia":[{"embeddable":true,"href":"https:\/\/oswiataberlin.de\/de\/wp-json\/wp\/v2\/media\/9424"}],"wp:attachment":[{"href":"https:\/\/oswiataberlin.de\/de\/wp-json\/wp\/v2\/media?parent=9415"}],"wp:term":[{"taxonomy":"category","embeddable":true,"href":"https:\/\/oswiataberlin.de\/de\/wp-json\/wp\/v2\/categories?post=9415"},{"taxonomy":"post_tag","embeddable":true,"href":"https:\/\/oswiataberlin.de\/de\/wp-json\/wp\/v2\/tags?post=9415"}],"curies":[{"name":"wp","href":"https:\/\/api.w.org\/{rel}","templated":true}]}}