{"id":8165,"date":"2025-07-06T13:08:35","date_gmt":"2025-07-06T11:08:35","guid":{"rendered":"https:\/\/oswiataberlin.de\/?p=8165"},"modified":"2025-08-28T10:07:10","modified_gmt":"2025-08-28T08:07:10","slug":"uroczyste-zakonczenie-roku-szkolnego","status":"publish","type":"post","link":"https:\/\/oswiataberlin.de\/de\/uroczyste-zakonczenie-roku-szkolnego\/","title":{"rendered":"Uroczyste zako\u0144czenie roku szkolnego"},"content":{"rendered":"<div class=\"flex basis-auto flex-col -mb-(--composer-overlap-px) [--composer-overlap-px:55px] grow overflow-hidden\">\n<div class=\"relative h-full\">\n<div class=\"flex h-full flex-col overflow-y-auto [scrollbar-gutter:stable_both-edges] @[84rem]\/thread:pt-(--header-height)\">\n<div class=\"@thread-xl\/thread:pt-header-height flex flex-col text-sm pb-25\">\n<article class=\"text-token-text-primary w-full\" dir=\"auto\" data-testid=\"conversation-turn-24\" data-scroll-anchor=\"true\">\n<div class=\"text-base my-auto mx-auto py-5 [--thread-content-margin:--spacing(4)] @[37rem]:[--thread-content-margin:--spacing(6)] @[72rem]:[--thread-content-margin:--spacing(16)] px-(--thread-content-margin)\">\n<div class=\"[--thread-content-max-width:32rem] @[34rem]:[--thread-content-max-width:40rem] @[64rem]:[--thread-content-max-width:48rem] mx-auto flex max-w-(--thread-content-max-width) flex-1 text-base gap-4 md:gap-5 lg:gap-6 group\/turn-messages focus-visible:outline-hidden\" tabindex=\"-1\">\n<div class=\"group\/conversation-turn relative flex w-full min-w-0 flex-col agent-turn\">\n<div class=\"relative flex-col gap-1 md:gap-3\">\n<div class=\"flex max-w-full flex-col grow\">\n<div class=\"min-h-8 text-message relative flex w-full flex-col items-end gap-2 text-start break-words whitespace-normal [.text-message+&amp;]:mt-5\" dir=\"auto\" data-message-author-role=\"assistant\" data-message-id=\"4a4767c4-f548-4fd7-87ef-724f157f58a4\" data-message-model-slug=\"gpt-4o\">\n<div class=\"flex w-full flex-col gap-1 empty:hidden first:pt-[3px]\">\n<div class=\"markdown prose dark:prose-invert w-full break-words light\">\n<p data-start=\"528\" data-end=\"1009\"><strong data-start=\"528\" data-end=\"547\">Am 5. Juli 2025<\/strong> fand in den R\u00e4umlichkeiten der <strong data-start=\"579\" data-end=\"623\">Katharina-Heinroth-Grundschule in Berlin<\/strong> die feierliche Schuljahresabschlussveranstaltung des <strong data-start=\"677\" data-end=\"724\">Polnischen Schulvereins \u201eO\u015bwiata\u201c in Berlin<\/strong> statt. An der Veranstaltung nahmen Sch\u00fcler*innen, Lehrkr\u00e4fte, Eltern sowie Freundinnen und Freunde von \u201eO\u015bwiata\u201c teil. <strong data-start=\"844\" data-end=\"902\">Die Konsulin der Republik Polen, Frau Marzena K\u0119powicz<\/strong>, die die Botschaft der Republik Polen in Berlin vertrat, erwies uns mit ihrer Anwesenheit eine gro\u00dfe Ehre.<\/p>\n<p data-start=\"1011\" data-end=\"1473\">Es war ein Tag voller positiver Emotionen \u2013 von offiziellen R\u00fcckblicken und bewegenden Danksagungen bis hin zur lang ersehnten Zeugnisvergabe. Auch der Auftritt des Schultheaters <strong data-start=\"1190\" data-end=\"1206\">\u201eBez Paniki\u201c<\/strong> durfte nicht fehlen. Die Gruppe begeisterte das Publikum mit Energie und Humor. Das St\u00fcck \u00fcber die Geschichte der Sprache war nicht nur klug, sondern auch \u00e4u\u00dferst unterhaltsam. <strong data-start=\"1384\" data-end=\"1442\">Gro\u00dfes Lob an Edyta Gurdy-J\u0119drasik und Agnieszka Kara\u015b<\/strong>, die die Theatergruppe leiten.<\/p>\n<p data-start=\"1475\" data-end=\"2116\"><strong data-start=\"1475\" data-end=\"1594\">In ihrer Ansprache begl\u00fcckw\u00fcnschte Frau Konsulin die Kinder zu ihrer Ausdauer beim Erlernen der polnischen Sprache.<\/strong> Sie dankte den Lehrkr\u00e4ften f\u00fcr ihre t\u00e4gliche, anspruchsvolle und leidenschaftliche p\u00e4dagogische Arbeit und den Eltern f\u00fcr ihre bewusste Entscheidung zur Zweisprachigkeit sowie f\u00fcr die Unterst\u00fctzung des Polnischlernens zu Hause. W\u00e4hrend der Feier wurde zudem ein Gl\u00fcckwunschschreiben von <strong data-start=\"1882\" data-end=\"1918\">Lilina Barajko-Knops vom KoKoPol<\/strong>, der Vorsitzenden des Verbands der Polnischlehrkr\u00e4fte und P\u00e4dagog*innen, verlesen, das gro\u00dfe Anerkennung f\u00fcr die Arbeit des Lehrk\u00f6rpers und der gesamten \u201eO\u015bwiata\u201c-Gemeinschaft zum Ausdruck brachte.<\/p>\n<p data-start=\"2118\" data-end=\"2681\">Ein wichtiger Programmpunkt der Feier war der <strong data-start=\"2164\" data-end=\"2198\">Bericht des P\u00e4dagogischen Rats<\/strong>, vorgetragen von <strong data-start=\"2216\" data-end=\"2234\">Izabela Miszke<\/strong>, der Vorsitzenden des Rates. Dies war eine Gelegenheit, die p\u00e4dagogische und erzieherische Arbeit des vergangenen Jahres zusammenzufassen und das Engagement der Lehrkr\u00e4fte und Sch\u00fcler*innen f\u00fcr das Schulleben hervorzuheben. Frau Iza sprach unter anderem \u00fcber das diesj\u00e4hrige Projekt von <strong data-start=\"2522\" data-end=\"2557\">Agnieszka Kara\u015b \u2013 \u201eZielnikola\u017c\u201c<\/strong>. Die im Rahmen dieses Projekts entstandenen Arbeiten konnten im Foyer der Katharina-Heinroth-Grundschule besichtigt werden.<\/p>\n<p data-start=\"2683\" data-end=\"3144\"><strong data-start=\"2683\" data-end=\"2750\">Im Namen des Vorsitzenden des Polnischen Schulvereins \u201eO\u015bwiata\u201c<\/strong>, der an der Feier nicht pers\u00f6nlich teilnehmen konnte, wurde ein Brief mit seiner Ansprache von <strong data-start=\"2846\" data-end=\"2867\">Wojciech S0wi\u0144ski<\/strong> verlesen. Die Worte des Vorsitzenden hatten einen sehr nachdenklichen Ton \u2013 sie waren ehrlich, bewegend und voller Anerkennung f\u00fcr die Sch\u00fcler*innen, Eltern und selbstverst\u00e4ndlich auch die Lehrkr\u00e4fte. Die Ansprache wurde mit gro\u00dfer Herzlichkeit und Aufmerksamkeit aufgenommen.<\/p>\n<p data-start=\"3146\" data-end=\"3379\"><strong data-start=\"3146\" data-end=\"3212\">Nun beginnt f\u00fcr die Sch\u00fcler*innen eine wohlverdiente Erholung.<\/strong> Der Sommer wartet \u00fcberall \u2013 am Fluss, am Meer, am See, in den Bergen und in den T\u00e4lern. <strong data-start=\"3301\" data-end=\"3379\">Es ist diese Zeit, dieser Moment\u2026 hip, hip, hurra! Es lebe die Ferienzeit!<\/strong><\/p>\n<div id='gallery-1' class='gallery galleryid-8165 gallery-columns-3 gallery-size-thumbnail'><figure class='gallery-item'>\n\t\t\t<div class='gallery-icon portrait'>\n\t\t\t\t<a href='https:\/\/oswiataberlin.de\/de\/uroczyste-zakonczenie-roku-szkolnego\/e8546cf4-baa9-4039-aa65-48745b66fc87\/'><img loading=\"lazy\" decoding=\"async\" width=\"150\" height=\"150\" src=\"https:\/\/oswiataberlin.de\/wp-content\/uploads\/2025\/07\/e8546cf4-baa9-4039-aa65-48745b66fc87-150x150.jpg\" class=\"attachment-thumbnail size-thumbnail\" alt=\"\" srcset=\"https:\/\/oswiataberlin.de\/wp-content\/uploads\/2025\/07\/e8546cf4-baa9-4039-aa65-48745b66fc87-150x150.jpg 150w, https:\/\/oswiataberlin.de\/wp-content\/uploads\/2025\/07\/e8546cf4-baa9-4039-aa65-48745b66fc87-370x370.jpg 370w, https:\/\/oswiataberlin.de\/wp-content\/uploads\/2025\/07\/e8546cf4-baa9-4039-aa65-48745b66fc87-75x75.jpg 75w\" sizes=\"auto, (max-width: 150px) 100vw, 150px\" \/><\/a>\n\t\t\t<\/div><\/figure><figure class='gallery-item'>\n\t\t\t<div class='gallery-icon portrait'>\n\t\t\t\t<a href='https:\/\/oswiataberlin.de\/de\/uroczyste-zakonczenie-roku-szkolnego\/3daba86b-3a58-456a-b679-f9ee9c771b90\/'><img loading=\"lazy\" decoding=\"async\" width=\"150\" height=\"150\" src=\"https:\/\/oswiataberlin.de\/wp-content\/uploads\/2025\/07\/3daba86b-3a58-456a-b679-f9ee9c771b90-150x150.jpg\" class=\"attachment-thumbnail size-thumbnail\" alt=\"\" srcset=\"https:\/\/oswiataberlin.de\/wp-content\/uploads\/2025\/07\/3daba86b-3a58-456a-b679-f9ee9c771b90-150x150.jpg 150w, https:\/\/oswiataberlin.de\/wp-content\/uploads\/2025\/07\/3daba86b-3a58-456a-b679-f9ee9c771b90-370x370.jpg 370w, https:\/\/oswiataberlin.de\/wp-content\/uploads\/2025\/07\/3daba86b-3a58-456a-b679-f9ee9c771b90-75x75.jpg 75w\" sizes=\"auto, (max-width: 150px) 100vw, 150px\" \/><\/a>\n\t\t\t<\/div><\/figure><figure class='gallery-item'>\n\t\t\t<div class='gallery-icon portrait'>\n\t\t\t\t<a href='https:\/\/oswiataberlin.de\/de\/uroczyste-zakonczenie-roku-szkolnego\/3ce5507d-4809-4602-9ce5-5b3e80ebefcc\/'><img loading=\"lazy\" decoding=\"async\" width=\"150\" height=\"150\" src=\"https:\/\/oswiataberlin.de\/wp-content\/uploads\/2025\/07\/3ce5507d-4809-4602-9ce5-5b3e80ebefcc-150x150.jpg\" class=\"attachment-thumbnail size-thumbnail\" alt=\"\" srcset=\"https:\/\/oswiataberlin.de\/wp-content\/uploads\/2025\/07\/3ce5507d-4809-4602-9ce5-5b3e80ebefcc-150x150.jpg 150w, https:\/\/oswiataberlin.de\/wp-content\/uploads\/2025\/07\/3ce5507d-4809-4602-9ce5-5b3e80ebefcc-370x370.jpg 370w, https:\/\/oswiataberlin.de\/wp-content\/uploads\/2025\/07\/3ce5507d-4809-4602-9ce5-5b3e80ebefcc-75x75.jpg 75w\" sizes=\"auto, (max-width: 150px) 100vw, 150px\" \/><\/a>\n\t\t\t<\/div><\/figure><figure class='gallery-item'>\n\t\t\t<div class='gallery-icon portrait'>\n\t\t\t\t<a href='https:\/\/oswiataberlin.de\/de\/uroczyste-zakonczenie-roku-szkolnego\/da338890-7231-4c8f-ab1c-ff53f2a6fae2\/'><img loading=\"lazy\" decoding=\"async\" width=\"150\" height=\"150\" src=\"https:\/\/oswiataberlin.de\/wp-content\/uploads\/2025\/07\/da338890-7231-4c8f-ab1c-ff53f2a6fae2-150x150.jpg\" class=\"attachment-thumbnail size-thumbnail\" alt=\"\" srcset=\"https:\/\/oswiataberlin.de\/wp-content\/uploads\/2025\/07\/da338890-7231-4c8f-ab1c-ff53f2a6fae2-150x150.jpg 150w, https:\/\/oswiataberlin.de\/wp-content\/uploads\/2025\/07\/da338890-7231-4c8f-ab1c-ff53f2a6fae2-370x370.jpg 370w, https:\/\/oswiataberlin.de\/wp-content\/uploads\/2025\/07\/da338890-7231-4c8f-ab1c-ff53f2a6fae2-75x75.jpg 75w\" sizes=\"auto, (max-width: 150px) 100vw, 150px\" \/><\/a>\n\t\t\t<\/div><\/figure><figure class='gallery-item'>\n\t\t\t<div class='gallery-icon portrait'>\n\t\t\t\t<a href='https:\/\/oswiataberlin.de\/de\/uroczyste-zakonczenie-roku-szkolnego\/905832e2-8c9d-4b51-8637-818ffde0ef3d\/'><img loading=\"lazy\" decoding=\"async\" width=\"150\" height=\"150\" src=\"https:\/\/oswiataberlin.de\/wp-content\/uploads\/2025\/07\/905832e2-8c9d-4b51-8637-818ffde0ef3d-150x150.jpg\" class=\"attachment-thumbnail size-thumbnail\" alt=\"\" srcset=\"https:\/\/oswiataberlin.de\/wp-content\/uploads\/2025\/07\/905832e2-8c9d-4b51-8637-818ffde0ef3d-150x150.jpg 150w, https:\/\/oswiataberlin.de\/wp-content\/uploads\/2025\/07\/905832e2-8c9d-4b51-8637-818ffde0ef3d-370x370.jpg 370w, https:\/\/oswiataberlin.de\/wp-content\/uploads\/2025\/07\/905832e2-8c9d-4b51-8637-818ffde0ef3d-75x75.jpg 75w\" sizes=\"auto, (max-width: 150px) 100vw, 150px\" \/><\/a>\n\t\t\t<\/div><\/figure><figure class='gallery-item'>\n\t\t\t<div class='gallery-icon portrait'>\n\t\t\t\t<a href='https:\/\/oswiataberlin.de\/de\/uroczyste-zakonczenie-roku-szkolnego\/48436c9a-3c48-430c-9644-62776be8a61d\/'><img loading=\"lazy\" decoding=\"async\" width=\"150\" height=\"150\" src=\"https:\/\/oswiataberlin.de\/wp-content\/uploads\/2025\/07\/48436c9a-3c48-430c-9644-62776be8a61d-150x150.jpg\" class=\"attachment-thumbnail size-thumbnail\" alt=\"\" srcset=\"https:\/\/oswiataberlin.de\/wp-content\/uploads\/2025\/07\/48436c9a-3c48-430c-9644-62776be8a61d-150x150.jpg 150w, https:\/\/oswiataberlin.de\/wp-content\/uploads\/2025\/07\/48436c9a-3c48-430c-9644-62776be8a61d-370x370.jpg 370w, https:\/\/oswiataberlin.de\/wp-content\/uploads\/2025\/07\/48436c9a-3c48-430c-9644-62776be8a61d-75x75.jpg 75w\" sizes=\"auto, (max-width: 150px) 100vw, 150px\" \/><\/a>\n\t\t\t<\/div><\/figure><figure class='gallery-item'>\n\t\t\t<div class='gallery-icon portrait'>\n\t\t\t\t<a href='https:\/\/oswiataberlin.de\/de\/uroczyste-zakonczenie-roku-szkolnego\/9ff74ce0-e068-4702-88d7-1a5c18a6bc0c\/'><img loading=\"lazy\" decoding=\"async\" width=\"150\" height=\"150\" src=\"https:\/\/oswiataberlin.de\/wp-content\/uploads\/2025\/07\/9ff74ce0-e068-4702-88d7-1a5c18a6bc0c-150x150.jpg\" class=\"attachment-thumbnail size-thumbnail\" alt=\"\" srcset=\"https:\/\/oswiataberlin.de\/wp-content\/uploads\/2025\/07\/9ff74ce0-e068-4702-88d7-1a5c18a6bc0c-150x150.jpg 150w, https:\/\/oswiataberlin.de\/wp-content\/uploads\/2025\/07\/9ff74ce0-e068-4702-88d7-1a5c18a6bc0c-370x370.jpg 370w, https:\/\/oswiataberlin.de\/wp-content\/uploads\/2025\/07\/9ff74ce0-e068-4702-88d7-1a5c18a6bc0c-75x75.jpg 75w\" sizes=\"auto, (max-width: 150px) 100vw, 150px\" \/><\/a>\n\t\t\t<\/div><\/figure><figure class='gallery-item'>\n\t\t\t<div class='gallery-icon portrait'>\n\t\t\t\t<a href='https:\/\/oswiataberlin.de\/de\/uroczyste-zakonczenie-roku-szkolnego\/efe1138e-7799-42a0-9f52-73f6545b559c\/'><img loading=\"lazy\" decoding=\"async\" width=\"150\" height=\"150\" src=\"https:\/\/oswiataberlin.de\/wp-content\/uploads\/2025\/07\/efe1138e-7799-42a0-9f52-73f6545b559c-150x150.jpg\" class=\"attachment-thumbnail size-thumbnail\" alt=\"\" srcset=\"https:\/\/oswiataberlin.de\/wp-content\/uploads\/2025\/07\/efe1138e-7799-42a0-9f52-73f6545b559c-150x150.jpg 150w, https:\/\/oswiataberlin.de\/wp-content\/uploads\/2025\/07\/efe1138e-7799-42a0-9f52-73f6545b559c-370x370.jpg 370w, https:\/\/oswiataberlin.de\/wp-content\/uploads\/2025\/07\/efe1138e-7799-42a0-9f52-73f6545b559c-75x75.jpg 75w\" sizes=\"auto, (max-width: 150px) 100vw, 150px\" \/><\/a>\n\t\t\t<\/div><\/figure><figure class='gallery-item'>\n\t\t\t<div class='gallery-icon portrait'>\n\t\t\t\t<a href='https:\/\/oswiataberlin.de\/de\/uroczyste-zakonczenie-roku-szkolnego\/a67cc8a3-bdd6-48e4-8054-213e32558db6\/'><img loading=\"lazy\" decoding=\"async\" width=\"150\" height=\"150\" src=\"https:\/\/oswiataberlin.de\/wp-content\/uploads\/2025\/07\/a67cc8a3-bdd6-48e4-8054-213e32558db6-150x150.jpg\" class=\"attachment-thumbnail size-thumbnail\" alt=\"\" srcset=\"https:\/\/oswiataberlin.de\/wp-content\/uploads\/2025\/07\/a67cc8a3-bdd6-48e4-8054-213e32558db6-150x150.jpg 150w, https:\/\/oswiataberlin.de\/wp-content\/uploads\/2025\/07\/a67cc8a3-bdd6-48e4-8054-213e32558db6-370x370.jpg 370w, https:\/\/oswiataberlin.de\/wp-content\/uploads\/2025\/07\/a67cc8a3-bdd6-48e4-8054-213e32558db6-75x75.jpg 75w\" sizes=\"auto, (max-width: 150px) 100vw, 150px\" \/><\/a>\n\t\t\t<\/div><\/figure><figure class='gallery-item'>\n\t\t\t<div class='gallery-icon portrait'>\n\t\t\t\t<a href='https:\/\/oswiataberlin.de\/de\/uroczyste-zakonczenie-roku-szkolnego\/fd49a4d4-c97c-47e3-889c-0f9754a6324f\/'><img loading=\"lazy\" decoding=\"async\" width=\"150\" height=\"150\" src=\"https:\/\/oswiataberlin.de\/wp-content\/uploads\/2025\/07\/fd49a4d4-c97c-47e3-889c-0f9754a6324f-150x150.jpg\" class=\"attachment-thumbnail size-thumbnail\" alt=\"\" srcset=\"https:\/\/oswiataberlin.de\/wp-content\/uploads\/2025\/07\/fd49a4d4-c97c-47e3-889c-0f9754a6324f-150x150.jpg 150w, https:\/\/oswiataberlin.de\/wp-content\/uploads\/2025\/07\/fd49a4d4-c97c-47e3-889c-0f9754a6324f-370x370.jpg 370w, https:\/\/oswiataberlin.de\/wp-content\/uploads\/2025\/07\/fd49a4d4-c97c-47e3-889c-0f9754a6324f-75x75.jpg 75w\" sizes=\"auto, (max-width: 150px) 100vw, 150px\" \/><\/a>\n\t\t\t<\/div><\/figure><figure class='gallery-item'>\n\t\t\t<div class='gallery-icon portrait'>\n\t\t\t\t<a href='https:\/\/oswiataberlin.de\/de\/uroczyste-zakonczenie-roku-szkolnego\/017ee49a-e8a9-4997-b1d8-ab04838f6b79\/'><img loading=\"lazy\" decoding=\"async\" width=\"150\" height=\"150\" src=\"https:\/\/oswiataberlin.de\/wp-content\/uploads\/2025\/07\/017ee49a-e8a9-4997-b1d8-ab04838f6b79-150x150.jpg\" class=\"attachment-thumbnail size-thumbnail\" alt=\"\" srcset=\"https:\/\/oswiataberlin.de\/wp-content\/uploads\/2025\/07\/017ee49a-e8a9-4997-b1d8-ab04838f6b79-150x150.jpg 150w, https:\/\/oswiataberlin.de\/wp-content\/uploads\/2025\/07\/017ee49a-e8a9-4997-b1d8-ab04838f6b79-370x370.jpg 370w, https:\/\/oswiataberlin.de\/wp-content\/uploads\/2025\/07\/017ee49a-e8a9-4997-b1d8-ab04838f6b79-75x75.jpg 75w\" sizes=\"auto, (max-width: 150px) 100vw, 150px\" \/><\/a>\n\t\t\t<\/div><\/figure><figure class='gallery-item'>\n\t\t\t<div class='gallery-icon portrait'>\n\t\t\t\t<a href='https:\/\/oswiataberlin.de\/de\/uroczyste-zakonczenie-roku-szkolnego\/95b56ccf-d6b3-4478-8db2-5c7463aa92af\/'><img loading=\"lazy\" decoding=\"async\" width=\"150\" height=\"150\" src=\"https:\/\/oswiataberlin.de\/wp-content\/uploads\/2025\/07\/95b56ccf-d6b3-4478-8db2-5c7463aa92af-150x150.jpg\" class=\"attachment-thumbnail size-thumbnail\" alt=\"\" srcset=\"https:\/\/oswiataberlin.de\/wp-content\/uploads\/2025\/07\/95b56ccf-d6b3-4478-8db2-5c7463aa92af-150x150.jpg 150w, https:\/\/oswiataberlin.de\/wp-content\/uploads\/2025\/07\/95b56ccf-d6b3-4478-8db2-5c7463aa92af-370x370.jpg 370w, https:\/\/oswiataberlin.de\/wp-content\/uploads\/2025\/07\/95b56ccf-d6b3-4478-8db2-5c7463aa92af-75x75.jpg 75w\" sizes=\"auto, (max-width: 150px) 100vw, 150px\" \/><\/a>\n\t\t\t<\/div><\/figure><figure class='gallery-item'>\n\t\t\t<div class='gallery-icon landscape'>\n\t\t\t\t<a href='https:\/\/oswiataberlin.de\/de\/uroczyste-zakonczenie-roku-szkolnego\/cfc1f401-595b-49cf-961c-5bbb257530ed\/'><img loading=\"lazy\" decoding=\"async\" width=\"150\" height=\"150\" src=\"https:\/\/oswiataberlin.de\/wp-content\/uploads\/2025\/07\/cfc1f401-595b-49cf-961c-5bbb257530ed-150x150.jpg\" class=\"attachment-thumbnail size-thumbnail\" alt=\"\" srcset=\"https:\/\/oswiataberlin.de\/wp-content\/uploads\/2025\/07\/cfc1f401-595b-49cf-961c-5bbb257530ed-150x150.jpg 150w, https:\/\/oswiataberlin.de\/wp-content\/uploads\/2025\/07\/cfc1f401-595b-49cf-961c-5bbb257530ed-370x370.jpg 370w, https:\/\/oswiataberlin.de\/wp-content\/uploads\/2025\/07\/cfc1f401-595b-49cf-961c-5bbb257530ed-75x75.jpg 75w\" sizes=\"auto, (max-width: 150px) 100vw, 150px\" \/><\/a>\n\t\t\t<\/div><\/figure><figure class='gallery-item'>\n\t\t\t<div class='gallery-icon portrait'>\n\t\t\t\t<a href='https:\/\/oswiataberlin.de\/de\/uroczyste-zakonczenie-roku-szkolnego\/c8e77a7e-1327-40fc-9ed8-5abda8312454\/'><img loading=\"lazy\" decoding=\"async\" width=\"150\" height=\"150\" src=\"https:\/\/oswiataberlin.de\/wp-content\/uploads\/2025\/07\/c8e77a7e-1327-40fc-9ed8-5abda8312454-150x150.jpg\" class=\"attachment-thumbnail size-thumbnail\" alt=\"\" srcset=\"https:\/\/oswiataberlin.de\/wp-content\/uploads\/2025\/07\/c8e77a7e-1327-40fc-9ed8-5abda8312454-150x150.jpg 150w, https:\/\/oswiataberlin.de\/wp-content\/uploads\/2025\/07\/c8e77a7e-1327-40fc-9ed8-5abda8312454-370x370.jpg 370w, https:\/\/oswiataberlin.de\/wp-content\/uploads\/2025\/07\/c8e77a7e-1327-40fc-9ed8-5abda8312454-75x75.jpg 75w\" sizes=\"auto, (max-width: 150px) 100vw, 150px\" \/><\/a>\n\t\t\t<\/div><\/figure><figure class='gallery-item'>\n\t\t\t<div class='gallery-icon portrait'>\n\t\t\t\t<a href='https:\/\/oswiataberlin.de\/de\/uroczyste-zakonczenie-roku-szkolnego\/674e38a7-d5d3-4031-be36-61b29f13561e\/'><img loading=\"lazy\" decoding=\"async\" width=\"150\" height=\"150\" src=\"https:\/\/oswiataberlin.de\/wp-content\/uploads\/2025\/07\/674e38a7-d5d3-4031-be36-61b29f13561e-150x150.jpg\" class=\"attachment-thumbnail size-thumbnail\" alt=\"\" srcset=\"https:\/\/oswiataberlin.de\/wp-content\/uploads\/2025\/07\/674e38a7-d5d3-4031-be36-61b29f13561e-150x150.jpg 150w, https:\/\/oswiataberlin.de\/wp-content\/uploads\/2025\/07\/674e38a7-d5d3-4031-be36-61b29f13561e-370x370.jpg 370w, https:\/\/oswiataberlin.de\/wp-content\/uploads\/2025\/07\/674e38a7-d5d3-4031-be36-61b29f13561e-75x75.jpg 75w\" sizes=\"auto, (max-width: 150px) 100vw, 150px\" \/><\/a>\n\t\t\t<\/div><\/figure><figure class='gallery-item'>\n\t\t\t<div class='gallery-icon portrait'>\n\t\t\t\t<a href='https:\/\/oswiataberlin.de\/de\/uroczyste-zakonczenie-roku-szkolnego\/aaa1846f-a255-4dd0-892a-7cab337029bd\/'><img loading=\"lazy\" decoding=\"async\" width=\"150\" height=\"150\" src=\"https:\/\/oswiataberlin.de\/wp-content\/uploads\/2025\/07\/aaa1846f-a255-4dd0-892a-7cab337029bd-150x150.jpg\" class=\"attachment-thumbnail size-thumbnail\" alt=\"\" srcset=\"https:\/\/oswiataberlin.de\/wp-content\/uploads\/2025\/07\/aaa1846f-a255-4dd0-892a-7cab337029bd-150x150.jpg 150w, https:\/\/oswiataberlin.de\/wp-content\/uploads\/2025\/07\/aaa1846f-a255-4dd0-892a-7cab337029bd-370x370.jpg 370w, https:\/\/oswiataberlin.de\/wp-content\/uploads\/2025\/07\/aaa1846f-a255-4dd0-892a-7cab337029bd-75x75.jpg 75w\" sizes=\"auto, (max-width: 150px) 100vw, 150px\" \/><\/a>\n\t\t\t<\/div><\/figure><figure class='gallery-item'>\n\t\t\t<div class='gallery-icon landscape'>\n\t\t\t\t<a href='https:\/\/oswiataberlin.de\/de\/uroczyste-zakonczenie-roku-szkolnego\/ac51390d-4077-4d75-8ebc-c72ce69f0715\/'><img loading=\"lazy\" decoding=\"async\" width=\"150\" height=\"150\" src=\"https:\/\/oswiataberlin.de\/wp-content\/uploads\/2025\/07\/ac51390d-4077-4d75-8ebc-c72ce69f0715-150x150.jpg\" class=\"attachment-thumbnail size-thumbnail\" alt=\"\" srcset=\"https:\/\/oswiataberlin.de\/wp-content\/uploads\/2025\/07\/ac51390d-4077-4d75-8ebc-c72ce69f0715-150x150.jpg 150w, https:\/\/oswiataberlin.de\/wp-content\/uploads\/2025\/07\/ac51390d-4077-4d75-8ebc-c72ce69f0715-370x370.jpg 370w, https:\/\/oswiataberlin.de\/wp-content\/uploads\/2025\/07\/ac51390d-4077-4d75-8ebc-c72ce69f0715-75x75.jpg 75w\" sizes=\"auto, (max-width: 150px) 100vw, 150px\" \/><\/a>\n\t\t\t<\/div><\/figure><figure class='gallery-item'>\n\t\t\t<div class='gallery-icon portrait'>\n\t\t\t\t<a href='https:\/\/oswiataberlin.de\/de\/uroczyste-zakonczenie-roku-szkolnego\/e7470f09-26f6-4b6a-ac38-28447b6dd728\/'><img loading=\"lazy\" decoding=\"async\" width=\"150\" height=\"150\" src=\"https:\/\/oswiataberlin.de\/wp-content\/uploads\/2025\/07\/e7470f09-26f6-4b6a-ac38-28447b6dd728-150x150.jpg\" class=\"attachment-thumbnail size-thumbnail\" alt=\"\" srcset=\"https:\/\/oswiataberlin.de\/wp-content\/uploads\/2025\/07\/e7470f09-26f6-4b6a-ac38-28447b6dd728-150x150.jpg 150w, https:\/\/oswiataberlin.de\/wp-content\/uploads\/2025\/07\/e7470f09-26f6-4b6a-ac38-28447b6dd728-370x370.jpg 370w, https:\/\/oswiataberlin.de\/wp-content\/uploads\/2025\/07\/e7470f09-26f6-4b6a-ac38-28447b6dd728-75x75.jpg 75w\" sizes=\"auto, (max-width: 150px) 100vw, 150px\" \/><\/a>\n\t\t\t<\/div><\/figure><figure class='gallery-item'>\n\t\t\t<div class='gallery-icon portrait'>\n\t\t\t\t<a href='https:\/\/oswiataberlin.de\/de\/uroczyste-zakonczenie-roku-szkolnego\/b50da1fe-3c3d-4351-bdde-d038d80f7fd4\/'><img loading=\"lazy\" decoding=\"async\" width=\"150\" height=\"150\" src=\"https:\/\/oswiataberlin.de\/wp-content\/uploads\/2025\/07\/b50da1fe-3c3d-4351-bdde-d038d80f7fd4-150x150.jpg\" class=\"attachment-thumbnail size-thumbnail\" alt=\"\" srcset=\"https:\/\/oswiataberlin.de\/wp-content\/uploads\/2025\/07\/b50da1fe-3c3d-4351-bdde-d038d80f7fd4-150x150.jpg 150w, https:\/\/oswiataberlin.de\/wp-content\/uploads\/2025\/07\/b50da1fe-3c3d-4351-bdde-d038d80f7fd4-370x370.jpg 370w, https:\/\/oswiataberlin.de\/wp-content\/uploads\/2025\/07\/b50da1fe-3c3d-4351-bdde-d038d80f7fd4-75x75.jpg 75w\" sizes=\"auto, (max-width: 150px) 100vw, 150px\" \/><\/a>\n\t\t\t<\/div><\/figure><figure class='gallery-item'>\n\t\t\t<div class='gallery-icon portrait'>\n\t\t\t\t<a href='https:\/\/oswiataberlin.de\/de\/uroczyste-zakonczenie-roku-szkolnego\/837d2d12-4d40-4ea9-a629-54e99686efde\/'><img loading=\"lazy\" decoding=\"async\" width=\"150\" height=\"150\" src=\"https:\/\/oswiataberlin.de\/wp-content\/uploads\/2025\/07\/837d2d12-4d40-4ea9-a629-54e99686efde-150x150.jpg\" class=\"attachment-thumbnail size-thumbnail\" alt=\"\" srcset=\"https:\/\/oswiataberlin.de\/wp-content\/uploads\/2025\/07\/837d2d12-4d40-4ea9-a629-54e99686efde-150x150.jpg 150w, https:\/\/oswiataberlin.de\/wp-content\/uploads\/2025\/07\/837d2d12-4d40-4ea9-a629-54e99686efde-370x370.jpg 370w, https:\/\/oswiataberlin.de\/wp-content\/uploads\/2025\/07\/837d2d12-4d40-4ea9-a629-54e99686efde-75x75.jpg 75w\" sizes=\"auto, (max-width: 150px) 100vw, 150px\" \/><\/a>\n\t\t\t<\/div><\/figure><figure class='gallery-item'>\n\t\t\t<div class='gallery-icon portrait'>\n\t\t\t\t<a href='https:\/\/oswiataberlin.de\/de\/uroczyste-zakonczenie-roku-szkolnego\/2ce0fe2f-4919-4d58-b4f5-ae8662c7cde2\/'><img loading=\"lazy\" decoding=\"async\" width=\"150\" height=\"150\" src=\"https:\/\/oswiataberlin.de\/wp-content\/uploads\/2025\/07\/2ce0fe2f-4919-4d58-b4f5-ae8662c7cde2-150x150.jpg\" class=\"attachment-thumbnail size-thumbnail\" alt=\"\" srcset=\"https:\/\/oswiataberlin.de\/wp-content\/uploads\/2025\/07\/2ce0fe2f-4919-4d58-b4f5-ae8662c7cde2-150x150.jpg 150w, https:\/\/oswiataberlin.de\/wp-content\/uploads\/2025\/07\/2ce0fe2f-4919-4d58-b4f5-ae8662c7cde2-370x370.jpg 370w, https:\/\/oswiataberlin.de\/wp-content\/uploads\/2025\/07\/2ce0fe2f-4919-4d58-b4f5-ae8662c7cde2-75x75.jpg 75w\" sizes=\"auto, (max-width: 150px) 100vw, 150px\" \/><\/a>\n\t\t\t<\/div><\/figure><figure class='gallery-item'>\n\t\t\t<div class='gallery-icon portrait'>\n\t\t\t\t<a href='https:\/\/oswiataberlin.de\/de\/uroczyste-zakonczenie-roku-szkolnego\/0b99ecdc-d9e1-44fa-aad3-872145ca80ef\/'><img loading=\"lazy\" decoding=\"async\" width=\"150\" height=\"150\" src=\"https:\/\/oswiataberlin.de\/wp-content\/uploads\/2025\/07\/0b99ecdc-d9e1-44fa-aad3-872145ca80ef-150x150.jpg\" class=\"attachment-thumbnail size-thumbnail\" alt=\"\" srcset=\"https:\/\/oswiataberlin.de\/wp-content\/uploads\/2025\/07\/0b99ecdc-d9e1-44fa-aad3-872145ca80ef-150x150.jpg 150w, https:\/\/oswiataberlin.de\/wp-content\/uploads\/2025\/07\/0b99ecdc-d9e1-44fa-aad3-872145ca80ef-370x370.jpg 370w, https:\/\/oswiataberlin.de\/wp-content\/uploads\/2025\/07\/0b99ecdc-d9e1-44fa-aad3-872145ca80ef-75x75.jpg 75w\" sizes=\"auto, (max-width: 150px) 100vw, 150px\" \/><\/a>\n\t\t\t<\/div><\/figure>\n\t\t<\/div>\n\n<p data-start=\"3381\" data-end=\"3454\">\n<\/div>\n<\/div>\n<\/div>\n<\/div>\n<\/div>\n<\/div>\n<\/div>\n<\/div>\n<\/article>\n<div><\/div>\n<\/div>\n<\/div>\n<\/div>\n<\/div>\n<div id=\"thread-bottom-container\" class=\"content-fade relative isolate z-10 w-full basis-auto has-data-has-thread-error:pt-2 has-data-has-thread-error:[box-shadow:var(--sharp-edge-bottom-shadow)] md:border-transparent md:pt-0 dark:border-white\/20 md:dark:border-transparent flex flex-col\">\n<div id=\"thread-bottom\">\n<div class=\"text-base mx-auto [--thread-content-margin:--spacing(4)] @[37rem]:[--thread-content-margin:--spacing(6)] @[72rem]:[--thread-content-margin:--spacing(16)] px-(--thread-content-margin)\">\n<div class=\"[--thread-content-max-width:32rem] @[34rem]:[--thread-content-max-width:40rem] @[64rem]:[--thread-content-max-width:48rem] mx-auto flex max-w-(--thread-content-max-width) flex-1 text-base gap-4 md:gap-5 lg:gap-6\">\n<div class=\"flex justify-center empty:hidden\"><\/div>\n<div class=\"max-xs:[--force-hide-label:none] relative z-1 flex h-full max-w-full flex-1 flex-col\" role=\"button\" aria-haspopup=\"dialog\" aria-expanded=\"false\" aria-controls=\"radix-\u00abRp4lij59jm595j5\u00bb\" data-state=\"closed\">\n<div class=\"absolute start-0 end-0 bottom-full z-20\"><\/div>\n<form class=\"w-full [view-transition-name:var(--vt-composer)]\" role=\"region\" aria-label=\"Kreator wiadomo\u015bci\" data-type=\"unified-composer\">\n<div class=\"bg-token-bg-primary flex w-full cursor-text flex-col items-center justify-center overflow-clip bg-clip-padding contain-inline-size dark:bg-[#303030] shadow-short rounded-[28px]\">\n<div class=\"relative flex w-full items-end px-2.5 py-2.5\">\n<div class=\"relative flex w-full flex-auto flex-col\">\n<div class=\"relative mx-2.5 grid grid-cols-[auto_minmax(0,1fr)]\"><\/div>\n<\/div>\n<\/div>\n<\/div>\n<\/form>\n<\/div>\n<\/div>\n<\/div>\n<\/div>\n<\/div>\n","protected":false},"excerpt":{"rendered":"<p>5 lipca 2025 roku, w murach Katharina-Heinroth-Grundschule w Berlinie, odby\u0142o si\u0119 uroczyste zako\u0144czenie roku szkolnego Polskiego Towarzystwa Szkolnego \u201eO\u015bwiata\u201d w Berlinie. W wydarzeniu uczestniczyli uczniowie, nauczyciele, rodzice oraz przyjaciele \u201eO\u015bwiaty\u201d. Swoj\u0105 obecno\u015bci\u0105 zaszczyci\u0142a nas konsul RP Marzena K\u0119powicz, reprezentuj\u0105ca Ambasad\u0119 Rzeczypospolitej Polskiej w Berlinie. Am 5. Juli 2025 fand in den R\u00e4umlichkeiten der Katharina-Heinroth-Grundschule in [&hellip;]<\/p>\n","protected":false},"author":5,"featured_media":8409,"comment_status":"closed","ping_status":"open","sticky":false,"template":"","format":"standard","meta":{"two_page_speed":[],"footnotes":""},"categories":[95],"tags":[],"class_list":["post-8165","post","type-post","status-publish","format-standard","has-post-thumbnail","hentry","category-aktualnosci"],"translation":{"provider":"WPGlobus","version":"3.0.2","language":"de","enabled_languages":["pl","de"],"languages":{"pl":{"title":true,"content":true,"excerpt":false},"de":{"title":false,"content":true,"excerpt":false}}},"_links":{"self":[{"href":"https:\/\/oswiataberlin.de\/de\/wp-json\/wp\/v2\/posts\/8165","targetHints":{"allow":["GET"]}}],"collection":[{"href":"https:\/\/oswiataberlin.de\/de\/wp-json\/wp\/v2\/posts"}],"about":[{"href":"https:\/\/oswiataberlin.de\/de\/wp-json\/wp\/v2\/types\/post"}],"author":[{"embeddable":true,"href":"https:\/\/oswiataberlin.de\/de\/wp-json\/wp\/v2\/users\/5"}],"replies":[{"embeddable":true,"href":"https:\/\/oswiataberlin.de\/de\/wp-json\/wp\/v2\/comments?post=8165"}],"version-history":[{"count":9,"href":"https:\/\/oswiataberlin.de\/de\/wp-json\/wp\/v2\/posts\/8165\/revisions"}],"predecessor-version":[{"id":8416,"href":"https:\/\/oswiataberlin.de\/de\/wp-json\/wp\/v2\/posts\/8165\/revisions\/8416"}],"wp:featuredmedia":[{"embeddable":true,"href":"https:\/\/oswiataberlin.de\/de\/wp-json\/wp\/v2\/media\/8409"}],"wp:attachment":[{"href":"https:\/\/oswiataberlin.de\/de\/wp-json\/wp\/v2\/media?parent=8165"}],"wp:term":[{"taxonomy":"category","embeddable":true,"href":"https:\/\/oswiataberlin.de\/de\/wp-json\/wp\/v2\/categories?post=8165"},{"taxonomy":"post_tag","embeddable":true,"href":"https:\/\/oswiataberlin.de\/de\/wp-json\/wp\/v2\/tags?post=8165"}],"curies":[{"name":"wp","href":"https:\/\/api.w.org\/{rel}","templated":true}]}}