{"id":7728,"date":"2025-01-07T21:23:06","date_gmt":"2025-01-07T20:23:06","guid":{"rendered":"https:\/\/oswiataberlin.de\/?p=7728"},"modified":"2025-01-07T21:23:41","modified_gmt":"2025-01-07T20:23:41","slug":"zebrania-zarzadu-2025","status":"publish","type":"post","link":"https:\/\/oswiataberlin.de\/de\/zebrania-zarzadu-2025\/","title":{"rendered":"Zebrania Zarz\u0105du 2025"},"content":{"rendered":"<p>Terminy spotka\u0144 zarz\u0105du w pierwszym p\u00f3\u0142roczu 2025 roku<\/p>\n<p>07.o1.2025 \u00a0&#8211; \u00a0godzina \u00a020.00 \u2013 ZooM<\/p>\n<p>27.01.2025 \u00a0\u2013 godzina \u00a020.00 \u2013 ZooM<\/p>\n<p>22.02.2025 \u2013 godzina \u00a015.oo \u00a0\u2013 Biuro O\u015bwiaty<\/p>\n<p>17.03.2025 \u2013 godzina \u00a020.00 \u2013 ZooM<\/p>\n<p>05.04.2025 \u2013 godzina \u00a015.00 \u2013 Biuro O\u015bwiaty<\/p>\n<p>17.05.2025 \u2013 godzina \u00a015.00 \u2013 Biuro O\u015bwiaty<\/p>\n<p>28.06.2025 \u2013 godzina 15.00 \u2013 Biuro O\u015bwiaty<\/p>\n<p>Uczestnictwo w spotkaniach mo\u017cliwe po wcze\u015bniejszym zg\u0142oszeniu si\u0119 mailowym do Zarz\u0105du PTS \u201eO\u015bwiata\u201d w Berlinie\u201d<\/p>\n","protected":false},"excerpt":{"rendered":"<p>Terminy spotka\u0144 zarz\u0105du w pierwszym p\u00f3\u0142roczu 2025 roku 07.o1.2025 \u00a0&#8211; \u00a0godzina \u00a020.00 \u2013 ZooM 27.01.2025 \u00a0\u2013 godzina \u00a020.00 \u2013 ZooM 22.02.2025 \u2013 godzina \u00a015.oo \u00a0\u2013 Biuro O\u015bwiaty 17.03.2025 \u2013 godzina \u00a020.00 \u2013 ZooM 05.04.2025 \u2013 godzina \u00a015.00 \u2013 Biuro O\u015bwiaty 17.05.2025 \u2013 godzina \u00a015.00 \u2013 Biuro O\u015bwiaty 28.06.2025 \u2013 godzina 15.00 \u2013 Biuro O\u015bwiaty Uczestnictwo [&hellip;]<\/p>\n","protected":false},"author":5,"featured_media":7520,"comment_status":"closed","ping_status":"open","sticky":false,"template":"","format":"standard","meta":{"two_page_speed":[],"footnotes":""},"categories":[108],"tags":[],"class_list":["post-7728","post","type-post","status-publish","format-standard","has-post-thumbnail","hentry","category-dlaczlonkow"],"translation":{"provider":"WPGlobus","version":"3.0.2","language":"de","enabled_languages":["pl","de"],"languages":{"pl":{"title":true,"content":true,"excerpt":false},"de":{"title":false,"content":false,"excerpt":false}}},"_links":{"self":[{"href":"https:\/\/oswiataberlin.de\/de\/wp-json\/wp\/v2\/posts\/7728","targetHints":{"allow":["GET"]}}],"collection":[{"href":"https:\/\/oswiataberlin.de\/de\/wp-json\/wp\/v2\/posts"}],"about":[{"href":"https:\/\/oswiataberlin.de\/de\/wp-json\/wp\/v2\/types\/post"}],"author":[{"embeddable":true,"href":"https:\/\/oswiataberlin.de\/de\/wp-json\/wp\/v2\/users\/5"}],"replies":[{"embeddable":true,"href":"https:\/\/oswiataberlin.de\/de\/wp-json\/wp\/v2\/comments?post=7728"}],"version-history":[{"count":2,"href":"https:\/\/oswiataberlin.de\/de\/wp-json\/wp\/v2\/posts\/7728\/revisions"}],"predecessor-version":[{"id":7731,"href":"https:\/\/oswiataberlin.de\/de\/wp-json\/wp\/v2\/posts\/7728\/revisions\/7731"}],"wp:featuredmedia":[{"embeddable":true,"href":"https:\/\/oswiataberlin.de\/de\/wp-json\/wp\/v2\/media\/7520"}],"wp:attachment":[{"href":"https:\/\/oswiataberlin.de\/de\/wp-json\/wp\/v2\/media?parent=7728"}],"wp:term":[{"taxonomy":"category","embeddable":true,"href":"https:\/\/oswiataberlin.de\/de\/wp-json\/wp\/v2\/categories?post=7728"},{"taxonomy":"post_tag","embeddable":true,"href":"https:\/\/oswiataberlin.de\/de\/wp-json\/wp\/v2\/tags?post=7728"}],"curies":[{"name":"wp","href":"https:\/\/api.w.org\/{rel}","templated":true}]}}