{"id":7693,"date":"2024-12-04T21:15:51","date_gmt":"2024-12-04T20:15:51","guid":{"rendered":"https:\/\/oswiataberlin.de\/?p=7693"},"modified":"2025-02-07T22:17:50","modified_gmt":"2025-02-07T21:17:50","slug":"aktywny-udzial-w-zyciu-spolecznym-warsztaty","status":"publish","type":"post","link":"https:\/\/oswiataberlin.de\/de\/aktywny-udzial-w-zyciu-spolecznym-warsztaty\/","title":{"rendered":"Aktive Beteiligung von Menschen mit Migrations- und\/oder Fl\u00fcchtlingsgeschichte an der Gesellschaft"},"content":{"rendered":"<p style=\"font-weight: 400;\">Am 12.12.2024 um 17:00 laden wir Sie herzlich in das O\u015bwiata-B\u00fcro zu einem Workshop mit dem Titel \u201eAktive Teilhabe am gesellschaftlichen Leben f\u00fcr Menschen mit Migrations- und\/oder Fluchtgeschichte\u201c ein.<\/p>\n<p style=\"font-weight: 400;\">Ziel des Treffens ist es, den Teilnehmerinnen und Teilnehmern bewusst zu machen, wie wichtig das Engagement von Menschen mit Migrationshintergrund im sozialen, kulturellen und politischen Leben des Landes ist, in dem wir leben.<\/p>\n<p style=\"font-weight: 400;\">Der Workshop wird durch die finanzielle Unterst\u00fctzung der Berliner Landeszentrale f\u00fcr politische Bildung in Zusammenarbeit mit dem Interkulturellen Erstberatungs- und Kontaktzentrum f\u00fcr Migrantinnen und Migranten (haupts\u00e4chlich aus der EU) erm\u00f6glicht und durch den Berliner Senat f\u00fcr Arbeit, Soziales, Gleichstellung, Integration, Vielfalt und Antidiskriminierung gef\u00f6rdert.<\/p>\n<p style=\"font-weight: 400;\"><strong> <img loading=\"lazy\" decoding=\"async\" class=\"alignnone size-medium wp-image-7694\" src=\"https:\/\/oswiataberlin.de\/wp-content\/uploads\/2024\/12\/IMG_0804-300x212.jpg\" alt=\"\" width=\"300\" height=\"212\" srcset=\"https:\/\/oswiataberlin.de\/wp-content\/uploads\/2024\/12\/IMG_0804-300x212.jpg 300w, https:\/\/oswiataberlin.de\/wp-content\/uploads\/2024\/12\/IMG_0804-1024x724.jpg 1024w, https:\/\/oswiataberlin.de\/wp-content\/uploads\/2024\/12\/IMG_0804-768x543.jpg 768w, https:\/\/oswiataberlin.de\/wp-content\/uploads\/2024\/12\/IMG_0804-700x495.jpg 700w, https:\/\/oswiataberlin.de\/wp-content\/uploads\/2024\/12\/IMG_0804-410x290.jpg 410w, https:\/\/oswiataberlin.de\/wp-content\/uploads\/2024\/12\/IMG_0804-100x71.jpg 100w, https:\/\/oswiataberlin.de\/wp-content\/uploads\/2024\/12\/IMG_0804-275x194.jpg 275w, https:\/\/oswiataberlin.de\/wp-content\/uploads\/2024\/12\/IMG_0804-770x544.jpg 770w, https:\/\/oswiataberlin.de\/wp-content\/uploads\/2024\/12\/IMG_0804-370x262.jpg 370w, https:\/\/oswiataberlin.de\/wp-content\/uploads\/2024\/12\/IMG_0804.jpg 1440w\" sizes=\"auto, (max-width: 300px) 100vw, 300px\" \/><\/strong><\/p>\n<p style=\"font-weight: 400;\"><strong>\u00a0<\/strong><\/p>\n<p style=\"font-weight: 400;\"><strong>\u00a0<\/strong><\/p>\n","protected":false},"excerpt":{"rendered":"<p>Am 12.12.2024 um 17:00 laden wir Sie herzlich in das O\u015bwiata-B\u00fcro zu einem Workshop mit dem Titel \u201eAktive Teilhabe am gesellschaftlichen Leben f\u00fcr Menschen mit Migrations- und\/oder Fluchtgeschichte\u201c ein. Ziel des Treffens ist es, den Teilnehmerinnen und Teilnehmern bewusst zu machen, wie wichtig das Engagement von Menschen mit Migrationshintergrund im sozialen, kulturellen und politischen Leben [&hellip;]<\/p>\n","protected":false},"author":5,"featured_media":7694,"comment_status":"closed","ping_status":"open","sticky":false,"template":"","format":"standard","meta":{"two_page_speed":[],"footnotes":""},"categories":[95],"tags":[],"class_list":["post-7693","post","type-post","status-publish","format-standard","has-post-thumbnail","hentry","category-aktualnosci"],"translation":{"provider":"WPGlobus","version":"3.0.2","language":"de","enabled_languages":["pl","de"],"languages":{"pl":{"title":true,"content":true,"excerpt":false},"de":{"title":true,"content":true,"excerpt":false}}},"_links":{"self":[{"href":"https:\/\/oswiataberlin.de\/de\/wp-json\/wp\/v2\/posts\/7693","targetHints":{"allow":["GET"]}}],"collection":[{"href":"https:\/\/oswiataberlin.de\/de\/wp-json\/wp\/v2\/posts"}],"about":[{"href":"https:\/\/oswiataberlin.de\/de\/wp-json\/wp\/v2\/types\/post"}],"author":[{"embeddable":true,"href":"https:\/\/oswiataberlin.de\/de\/wp-json\/wp\/v2\/users\/5"}],"replies":[{"embeddable":true,"href":"https:\/\/oswiataberlin.de\/de\/wp-json\/wp\/v2\/comments?post=7693"}],"version-history":[{"count":6,"href":"https:\/\/oswiataberlin.de\/de\/wp-json\/wp\/v2\/posts\/7693\/revisions"}],"predecessor-version":[{"id":7777,"href":"https:\/\/oswiataberlin.de\/de\/wp-json\/wp\/v2\/posts\/7693\/revisions\/7777"}],"wp:featuredmedia":[{"embeddable":true,"href":"https:\/\/oswiataberlin.de\/de\/wp-json\/wp\/v2\/media\/7694"}],"wp:attachment":[{"href":"https:\/\/oswiataberlin.de\/de\/wp-json\/wp\/v2\/media?parent=7693"}],"wp:term":[{"taxonomy":"category","embeddable":true,"href":"https:\/\/oswiataberlin.de\/de\/wp-json\/wp\/v2\/categories?post=7693"},{"taxonomy":"post_tag","embeddable":true,"href":"https:\/\/oswiataberlin.de\/de\/wp-json\/wp\/v2\/tags?post=7693"}],"curies":[{"name":"wp","href":"https:\/\/api.w.org\/{rel}","templated":true}]}}