{"id":7689,"date":"2024-12-20T20:56:54","date_gmt":"2024-12-20T19:56:54","guid":{"rendered":"https:\/\/oswiataberlin.de\/?p=7689"},"modified":"2025-03-25T19:35:37","modified_gmt":"2025-03-25T18:35:37","slug":"aktywny-udzial-w-zyciu-spolecznym-osob-z-migracyjna-i-lub-uchodzcza-historia","status":"publish","type":"post","link":"https:\/\/oswiataberlin.de\/de\/aktywny-udzial-w-zyciu-spolecznym-osob-z-migracyjna-i-lub-uchodzcza-historia\/","title":{"rendered":"Aktive Beteiligung von Menschen mit Migrations- und\/oder Fl\u00fcchtlingsgeschichte an der Gesellschaft"},"content":{"rendered":"<p style=\"font-weight: 400;\">Dank der Unterst\u00fctzung des polnischen Schulvereins O\u015bwiata e.V. in Berlin war es m\u00f6glich, Workshops f\u00fcr Menschen mit Fl\u00fcchtlings- oder Migrationserfahrung zu organisieren. Die Themen der Treffen, die zeitgleich in verschiedenen Sprachen stattfanden, umfassten Fragen der Einbindung von Menschen mit einer solchen Geschichte in verschiedene Aspekte des gesellschaftspolitischen Lebens.<\/p>\n<p style=\"font-weight: 400;\">Der Workshop war praxisorientiert &#8211; die Teilnehmer lernten konkrete M\u00f6glichkeiten kennen, sich in der Gemeinschaft zu engagieren, hatten die Gelegenheit, ihre Zweifel zu diesem Thema anzusprechen und sich mit subjektiven Barrieren auseinanderzusetzen, die ihre aktive Beteiligung behindert haben k\u00f6nnten.<\/p>\n<p style=\"font-weight: 400;\">Der Schulverein O\u015bwiata e.V. \u00a0in Berlin, der sich seit Jahren f\u00fcr die F\u00f6rderung der polnischen Sprache einsetzt, engagiert sich gleichzeitig aktiv f\u00fcr die Entwicklung von Menschen mit Migrationserfahrung und unterst\u00fctzt deren Integration und gesellschaftliche Aktivit\u00e4t. Der Workshop ist ein weiteres Beispiel f\u00fcr eine Initiative, die die Rolle von Migranten in der Gesellschaft st\u00e4rkt und zeigt, wie wichtig es ist, interkulturelle Br\u00fccken zu bauen.<\/p>\n<p>A.Z<\/p>\n<p style=\"font-weight: 400;\"><strong>\u00a0<\/strong><\/p>\n","protected":false},"excerpt":{"rendered":"<p>Dank der Unterst\u00fctzung des polnischen Schulvereins O\u015bwiata e.V. in Berlin war es m\u00f6glich, Workshops f\u00fcr Menschen mit Fl\u00fcchtlings- oder Migrationserfahrung zu organisieren. Die Themen der Treffen, die zeitgleich in verschiedenen Sprachen stattfanden, umfassten Fragen der Einbindung von Menschen mit einer solchen Geschichte in verschiedene Aspekte des gesellschaftspolitischen Lebens. Der Workshop war praxisorientiert &#8211; die Teilnehmer [&hellip;]<\/p>\n","protected":false},"author":5,"featured_media":7694,"comment_status":"closed","ping_status":"open","sticky":false,"template":"","format":"standard","meta":{"two_page_speed":[],"footnotes":""},"categories":[95],"tags":[],"class_list":["post-7689","post","type-post","status-publish","format-standard","has-post-thumbnail","hentry","category-aktualnosci"],"translation":{"provider":"WPGlobus","version":"3.0.2","language":"de","enabled_languages":["pl","de"],"languages":{"pl":{"title":true,"content":true,"excerpt":false},"de":{"title":true,"content":true,"excerpt":false}}},"_links":{"self":[{"href":"https:\/\/oswiataberlin.de\/de\/wp-json\/wp\/v2\/posts\/7689","targetHints":{"allow":["GET"]}}],"collection":[{"href":"https:\/\/oswiataberlin.de\/de\/wp-json\/wp\/v2\/posts"}],"about":[{"href":"https:\/\/oswiataberlin.de\/de\/wp-json\/wp\/v2\/types\/post"}],"author":[{"embeddable":true,"href":"https:\/\/oswiataberlin.de\/de\/wp-json\/wp\/v2\/users\/5"}],"replies":[{"embeddable":true,"href":"https:\/\/oswiataberlin.de\/de\/wp-json\/wp\/v2\/comments?post=7689"}],"version-history":[{"count":8,"href":"https:\/\/oswiataberlin.de\/de\/wp-json\/wp\/v2\/posts\/7689\/revisions"}],"predecessor-version":[{"id":7974,"href":"https:\/\/oswiataberlin.de\/de\/wp-json\/wp\/v2\/posts\/7689\/revisions\/7974"}],"wp:featuredmedia":[{"embeddable":true,"href":"https:\/\/oswiataberlin.de\/de\/wp-json\/wp\/v2\/media\/7694"}],"wp:attachment":[{"href":"https:\/\/oswiataberlin.de\/de\/wp-json\/wp\/v2\/media?parent=7689"}],"wp:term":[{"taxonomy":"category","embeddable":true,"href":"https:\/\/oswiataberlin.de\/de\/wp-json\/wp\/v2\/categories?post=7689"},{"taxonomy":"post_tag","embeddable":true,"href":"https:\/\/oswiataberlin.de\/de\/wp-json\/wp\/v2\/tags?post=7689"}],"curies":[{"name":"wp","href":"https:\/\/api.w.org\/{rel}","templated":true}]}}