{"id":5097,"date":"2023-04-30T20:52:59","date_gmt":"2023-04-30T18:52:59","guid":{"rendered":"https:\/\/oswiataberlin.de\/?p=5097"},"modified":"2023-08-05T22:04:38","modified_gmt":"2023-08-05T20:04:38","slug":"bajeczni-adwokaci","status":"publish","type":"post","link":"https:\/\/oswiataberlin.de\/de\/bajeczni-adwokaci\/","title":{"rendered":"Fabelhafte Anw\u00e4lte"},"content":{"rendered":"<div class=\"default-style\">Der Oberste Rat der Rechtsanw\u00e4lte in Stettin hat f\u00fcr unsere Sch\u00fcler die Veranstaltung &#8222;Fabelhafte Anw\u00e4lte&#8220; organisiert, um Kindern den Beruf des Anwalts n\u00e4her zu bringen. Die erste Unterrichtsstunde mit Frau Ma\u0142gorzata Gemen hat bereits stattgefunden und war nicht nur f\u00fcr die J\u00fcngsten eine tolle Erfahrung. W\u00e4hrend des Treffens haben sich alle das M\u00e4rchen &#8222;Die Waldf\u00e4lle des Anwalts Teddyb\u00e4r&#8220; angeh\u00f6rt und\u00a0 etwas \u00fcber den Beruf des Anwalts erfahren. Die Sch\u00fclerinnen und Sch\u00fcler nahmen an einem Quiz teil, und wer wollte, konnte eine echte Anwaltsrobe anprobieren. Am Ende haben die Teilnehmer Malb\u00fccher und kleine Geschenke erhalten.<br \/>\nWir bedanken uns bei Frau Ma\u0142gosia und dem gesamten Anwaltsrat f\u00fcr die gemeinsam verbrachte Zeit und freuen uns schon auf die n\u00e4chsten Treffen.<\/div>\n<div class=\"default-style\">\n<div id='gallery-1' class='gallery galleryid-5097 gallery-columns-3 gallery-size-thumbnail'><figure class='gallery-item'>\n\t\t\t<div class='gallery-icon landscape'>\n\t\t\t\t<a href='https:\/\/oswiataberlin.de\/de\/bajeczni-adwokaci\/6ebac175-7d87-4ffd-a9f9-5f7f07d098b5\/'><img loading=\"lazy\" decoding=\"async\" width=\"150\" height=\"150\" src=\"https:\/\/oswiataberlin.de\/wp-content\/uploads\/2023\/04\/6ebac175-7d87-4ffd-a9f9-5f7f07d098b5-150x150.jpg\" class=\"attachment-thumbnail size-thumbnail\" alt=\"\" srcset=\"https:\/\/oswiataberlin.de\/wp-content\/uploads\/2023\/04\/6ebac175-7d87-4ffd-a9f9-5f7f07d098b5-150x150.jpg 150w, https:\/\/oswiataberlin.de\/wp-content\/uploads\/2023\/04\/6ebac175-7d87-4ffd-a9f9-5f7f07d098b5-370x370.jpg 370w, https:\/\/oswiataberlin.de\/wp-content\/uploads\/2023\/04\/6ebac175-7d87-4ffd-a9f9-5f7f07d098b5-75x75.jpg 75w\" sizes=\"auto, (max-width: 150px) 100vw, 150px\" \/><\/a>\n\t\t\t<\/div><\/figure><figure class='gallery-item'>\n\t\t\t<div class='gallery-icon portrait'>\n\t\t\t\t<a href='https:\/\/oswiataberlin.de\/de\/bajeczni-adwokaci\/e9b2498b-0caf-46e9-87c1-b590ed375790\/'><img loading=\"lazy\" decoding=\"async\" width=\"150\" height=\"150\" src=\"https:\/\/oswiataberlin.de\/wp-content\/uploads\/2023\/04\/e9b2498b-0caf-46e9-87c1-b590ed375790-150x150.jpg\" class=\"attachment-thumbnail size-thumbnail\" alt=\"\" srcset=\"https:\/\/oswiataberlin.de\/wp-content\/uploads\/2023\/04\/e9b2498b-0caf-46e9-87c1-b590ed375790-150x150.jpg 150w, https:\/\/oswiataberlin.de\/wp-content\/uploads\/2023\/04\/e9b2498b-0caf-46e9-87c1-b590ed375790-370x370.jpg 370w, https:\/\/oswiataberlin.de\/wp-content\/uploads\/2023\/04\/e9b2498b-0caf-46e9-87c1-b590ed375790-75x75.jpg 75w\" sizes=\"auto, (max-width: 150px) 100vw, 150px\" \/><\/a>\n\t\t\t<\/div><\/figure><figure class='gallery-item'>\n\t\t\t<div class='gallery-icon portrait'>\n\t\t\t\t<a href='https:\/\/oswiataberlin.de\/de\/bajeczni-adwokaci\/d3b74c68-006b-4be9-8c85-e3ec52e1f524\/'><img loading=\"lazy\" decoding=\"async\" width=\"150\" height=\"150\" src=\"https:\/\/oswiataberlin.de\/wp-content\/uploads\/2023\/04\/d3b74c68-006b-4be9-8c85-e3ec52e1f524-150x150.jpg\" class=\"attachment-thumbnail size-thumbnail\" alt=\"\" srcset=\"https:\/\/oswiataberlin.de\/wp-content\/uploads\/2023\/04\/d3b74c68-006b-4be9-8c85-e3ec52e1f524-150x150.jpg 150w, https:\/\/oswiataberlin.de\/wp-content\/uploads\/2023\/04\/d3b74c68-006b-4be9-8c85-e3ec52e1f524-370x370.jpg 370w, https:\/\/oswiataberlin.de\/wp-content\/uploads\/2023\/04\/d3b74c68-006b-4be9-8c85-e3ec52e1f524-75x75.jpg 75w\" sizes=\"auto, (max-width: 150px) 100vw, 150px\" \/><\/a>\n\t\t\t<\/div><\/figure><figure class='gallery-item'>\n\t\t\t<div class='gallery-icon portrait'>\n\t\t\t\t<a href='https:\/\/oswiataberlin.de\/de\/bajeczni-adwokaci\/dfc6a4de-d1e0-48ac-9e2b-e087b5e8005d\/'><img loading=\"lazy\" decoding=\"async\" width=\"150\" height=\"150\" src=\"https:\/\/oswiataberlin.de\/wp-content\/uploads\/2023\/04\/dfc6a4de-d1e0-48ac-9e2b-e087b5e8005d-150x150.jpg\" class=\"attachment-thumbnail size-thumbnail\" alt=\"\" srcset=\"https:\/\/oswiataberlin.de\/wp-content\/uploads\/2023\/04\/dfc6a4de-d1e0-48ac-9e2b-e087b5e8005d-150x150.jpg 150w, https:\/\/oswiataberlin.de\/wp-content\/uploads\/2023\/04\/dfc6a4de-d1e0-48ac-9e2b-e087b5e8005d-370x370.jpg 370w, https:\/\/oswiataberlin.de\/wp-content\/uploads\/2023\/04\/dfc6a4de-d1e0-48ac-9e2b-e087b5e8005d-75x75.jpg 75w\" sizes=\"auto, (max-width: 150px) 100vw, 150px\" \/><\/a>\n\t\t\t<\/div><\/figure><figure class='gallery-item'>\n\t\t\t<div class='gallery-icon portrait'>\n\t\t\t\t<a href='https:\/\/oswiataberlin.de\/de\/bajeczni-adwokaci\/e836ccef-a89e-4842-aae6-25ee79ea7d4f\/'><img loading=\"lazy\" decoding=\"async\" width=\"150\" height=\"150\" src=\"https:\/\/oswiataberlin.de\/wp-content\/uploads\/2023\/04\/e836ccef-a89e-4842-aae6-25ee79ea7d4f-150x150.jpg\" class=\"attachment-thumbnail size-thumbnail\" alt=\"\" srcset=\"https:\/\/oswiataberlin.de\/wp-content\/uploads\/2023\/04\/e836ccef-a89e-4842-aae6-25ee79ea7d4f-150x150.jpg 150w, https:\/\/oswiataberlin.de\/wp-content\/uploads\/2023\/04\/e836ccef-a89e-4842-aae6-25ee79ea7d4f-370x370.jpg 370w, https:\/\/oswiataberlin.de\/wp-content\/uploads\/2023\/04\/e836ccef-a89e-4842-aae6-25ee79ea7d4f-75x75.jpg 75w\" sizes=\"auto, (max-width: 150px) 100vw, 150px\" \/><\/a>\n\t\t\t<\/div><\/figure><figure class='gallery-item'>\n\t\t\t<div class='gallery-icon portrait'>\n\t\t\t\t<a href='https:\/\/oswiataberlin.de\/de\/bajeczni-adwokaci\/35a85866-0081-4c4d-971c-22e89a80351b\/'><img loading=\"lazy\" decoding=\"async\" width=\"150\" height=\"150\" src=\"https:\/\/oswiataberlin.de\/wp-content\/uploads\/2023\/04\/35a85866-0081-4c4d-971c-22e89a80351b-150x150.jpg\" class=\"attachment-thumbnail size-thumbnail\" alt=\"\" srcset=\"https:\/\/oswiataberlin.de\/wp-content\/uploads\/2023\/04\/35a85866-0081-4c4d-971c-22e89a80351b-150x150.jpg 150w, https:\/\/oswiataberlin.de\/wp-content\/uploads\/2023\/04\/35a85866-0081-4c4d-971c-22e89a80351b-370x370.jpg 370w, https:\/\/oswiataberlin.de\/wp-content\/uploads\/2023\/04\/35a85866-0081-4c4d-971c-22e89a80351b-75x75.jpg 75w\" sizes=\"auto, (max-width: 150px) 100vw, 150px\" \/><\/a>\n\t\t\t<\/div><\/figure><figure class='gallery-item'>\n\t\t\t<div class='gallery-icon portrait'>\n\t\t\t\t<a href='https:\/\/oswiataberlin.de\/de\/bajeczni-adwokaci\/56d060b3-78ff-4bbf-86fa-3c42740bf08a\/'><img loading=\"lazy\" decoding=\"async\" width=\"150\" height=\"150\" src=\"https:\/\/oswiataberlin.de\/wp-content\/uploads\/2023\/04\/56d060b3-78ff-4bbf-86fa-3c42740bf08a-150x150.jpg\" class=\"attachment-thumbnail size-thumbnail\" alt=\"\" srcset=\"https:\/\/oswiataberlin.de\/wp-content\/uploads\/2023\/04\/56d060b3-78ff-4bbf-86fa-3c42740bf08a-150x150.jpg 150w, https:\/\/oswiataberlin.de\/wp-content\/uploads\/2023\/04\/56d060b3-78ff-4bbf-86fa-3c42740bf08a-370x370.jpg 370w, https:\/\/oswiataberlin.de\/wp-content\/uploads\/2023\/04\/56d060b3-78ff-4bbf-86fa-3c42740bf08a-75x75.jpg 75w\" sizes=\"auto, (max-width: 150px) 100vw, 150px\" \/><\/a>\n\t\t\t<\/div><\/figure><figure class='gallery-item'>\n\t\t\t<div class='gallery-icon portrait'>\n\t\t\t\t<a href='https:\/\/oswiataberlin.de\/de\/bajeczni-adwokaci\/b51bc424-0620-4dd2-ac84-86d83e6bd39f\/'><img loading=\"lazy\" decoding=\"async\" width=\"150\" height=\"150\" src=\"https:\/\/oswiataberlin.de\/wp-content\/uploads\/2023\/04\/b51bc424-0620-4dd2-ac84-86d83e6bd39f-150x150.jpg\" class=\"attachment-thumbnail size-thumbnail\" alt=\"\" srcset=\"https:\/\/oswiataberlin.de\/wp-content\/uploads\/2023\/04\/b51bc424-0620-4dd2-ac84-86d83e6bd39f-150x150.jpg 150w, https:\/\/oswiataberlin.de\/wp-content\/uploads\/2023\/04\/b51bc424-0620-4dd2-ac84-86d83e6bd39f-370x370.jpg 370w, https:\/\/oswiataberlin.de\/wp-content\/uploads\/2023\/04\/b51bc424-0620-4dd2-ac84-86d83e6bd39f-75x75.jpg 75w\" sizes=\"auto, (max-width: 150px) 100vw, 150px\" \/><\/a>\n\t\t\t<\/div><\/figure><figure class='gallery-item'>\n\t\t\t<div class='gallery-icon portrait'>\n\t\t\t\t<a href='https:\/\/oswiataberlin.de\/de\/bajeczni-adwokaci\/5fcd9dea-86ea-454d-bf56-167b7e4d8395\/'><img loading=\"lazy\" decoding=\"async\" width=\"150\" height=\"150\" src=\"https:\/\/oswiataberlin.de\/wp-content\/uploads\/2023\/04\/5fcd9dea-86ea-454d-bf56-167b7e4d8395-150x150.jpg\" class=\"attachment-thumbnail size-thumbnail\" alt=\"\" srcset=\"https:\/\/oswiataberlin.de\/wp-content\/uploads\/2023\/04\/5fcd9dea-86ea-454d-bf56-167b7e4d8395-150x150.jpg 150w, https:\/\/oswiataberlin.de\/wp-content\/uploads\/2023\/04\/5fcd9dea-86ea-454d-bf56-167b7e4d8395-370x370.jpg 370w, https:\/\/oswiataberlin.de\/wp-content\/uploads\/2023\/04\/5fcd9dea-86ea-454d-bf56-167b7e4d8395-75x75.jpg 75w\" sizes=\"auto, (max-width: 150px) 100vw, 150px\" \/><\/a>\n\t\t\t<\/div><\/figure><figure class='gallery-item'>\n\t\t\t<div class='gallery-icon portrait'>\n\t\t\t\t<a href='https:\/\/oswiataberlin.de\/de\/bajeczni-adwokaci\/43683dc6-c863-42a9-92ad-3f84135a41af\/'><img loading=\"lazy\" decoding=\"async\" width=\"150\" height=\"150\" src=\"https:\/\/oswiataberlin.de\/wp-content\/uploads\/2023\/04\/43683dc6-c863-42a9-92ad-3f84135a41af-150x150.jpg\" class=\"attachment-thumbnail size-thumbnail\" alt=\"\" srcset=\"https:\/\/oswiataberlin.de\/wp-content\/uploads\/2023\/04\/43683dc6-c863-42a9-92ad-3f84135a41af-150x150.jpg 150w, https:\/\/oswiataberlin.de\/wp-content\/uploads\/2023\/04\/43683dc6-c863-42a9-92ad-3f84135a41af-370x370.jpg 370w, https:\/\/oswiataberlin.de\/wp-content\/uploads\/2023\/04\/43683dc6-c863-42a9-92ad-3f84135a41af-75x75.jpg 75w\" sizes=\"auto, (max-width: 150px) 100vw, 150px\" \/><\/a>\n\t\t\t<\/div><\/figure><figure class='gallery-item'>\n\t\t\t<div class='gallery-icon landscape'>\n\t\t\t\t<a href='https:\/\/oswiataberlin.de\/de\/bajeczni-adwokaci\/c74f6171-3b59-4c71-b9a5-3ff235f38063-2\/'><img loading=\"lazy\" decoding=\"async\" width=\"150\" height=\"150\" src=\"https:\/\/oswiataberlin.de\/wp-content\/uploads\/2023\/04\/c74f6171-3b59-4c71-b9a5-3ff235f38063-1-150x150.jpg\" class=\"attachment-thumbnail size-thumbnail\" alt=\"\" srcset=\"https:\/\/oswiataberlin.de\/wp-content\/uploads\/2023\/04\/c74f6171-3b59-4c71-b9a5-3ff235f38063-1-150x150.jpg 150w, https:\/\/oswiataberlin.de\/wp-content\/uploads\/2023\/04\/c74f6171-3b59-4c71-b9a5-3ff235f38063-1-370x370.jpg 370w, https:\/\/oswiataberlin.de\/wp-content\/uploads\/2023\/04\/c74f6171-3b59-4c71-b9a5-3ff235f38063-1-75x75.jpg 75w\" sizes=\"auto, (max-width: 150px) 100vw, 150px\" \/><\/a>\n\t\t\t<\/div><\/figure>\n\t\t<\/div>\n\n<\/div>\n","protected":false},"excerpt":{"rendered":"<p>Der Oberste Rat der Rechtsanw\u00e4lte in Stettin hat f\u00fcr unsere Sch\u00fcler die Veranstaltung &#8222;Fabelhafte Anw\u00e4lte&#8220; organisiert, um Kindern den Beruf des Anwalts n\u00e4her zu bringen. Die erste Unterrichtsstunde mit Frau Ma\u0142gorzata Gemen hat bereits stattgefunden und war nicht nur f\u00fcr die J\u00fcngsten eine tolle Erfahrung. W\u00e4hrend des Treffens haben sich alle das M\u00e4rchen &#8222;Die Waldf\u00e4lle [&hellip;]<\/p>\n","protected":false},"author":5,"featured_media":5101,"comment_status":"closed","ping_status":"open","sticky":false,"template":"","format":"standard","meta":{"two_page_speed":[],"footnotes":""},"categories":[95],"tags":[],"class_list":["post-5097","post","type-post","status-publish","format-standard","has-post-thumbnail","hentry","category-aktualnosci"],"translation":{"provider":"WPGlobus","version":"3.0.2","language":"de","enabled_languages":["pl","de"],"languages":{"pl":{"title":true,"content":true,"excerpt":false},"de":{"title":true,"content":true,"excerpt":false}}},"_links":{"self":[{"href":"https:\/\/oswiataberlin.de\/de\/wp-json\/wp\/v2\/posts\/5097","targetHints":{"allow":["GET"]}}],"collection":[{"href":"https:\/\/oswiataberlin.de\/de\/wp-json\/wp\/v2\/posts"}],"about":[{"href":"https:\/\/oswiataberlin.de\/de\/wp-json\/wp\/v2\/types\/post"}],"author":[{"embeddable":true,"href":"https:\/\/oswiataberlin.de\/de\/wp-json\/wp\/v2\/users\/5"}],"replies":[{"embeddable":true,"href":"https:\/\/oswiataberlin.de\/de\/wp-json\/wp\/v2\/comments?post=5097"}],"version-history":[{"count":5,"href":"https:\/\/oswiataberlin.de\/de\/wp-json\/wp\/v2\/posts\/5097\/revisions"}],"predecessor-version":[{"id":5502,"href":"https:\/\/oswiataberlin.de\/de\/wp-json\/wp\/v2\/posts\/5097\/revisions\/5502"}],"wp:featuredmedia":[{"embeddable":true,"href":"https:\/\/oswiataberlin.de\/de\/wp-json\/wp\/v2\/media\/5101"}],"wp:attachment":[{"href":"https:\/\/oswiataberlin.de\/de\/wp-json\/wp\/v2\/media?parent=5097"}],"wp:term":[{"taxonomy":"category","embeddable":true,"href":"https:\/\/oswiataberlin.de\/de\/wp-json\/wp\/v2\/categories?post=5097"},{"taxonomy":"post_tag","embeddable":true,"href":"https:\/\/oswiataberlin.de\/de\/wp-json\/wp\/v2\/tags?post=5097"}],"curies":[{"name":"wp","href":"https:\/\/api.w.org\/{rel}","templated":true}]}}