{"id":4180,"date":"2022-03-01T09:48:47","date_gmt":"2022-03-01T08:48:47","guid":{"rendered":"https:\/\/oswiataberlin.de\/?p=4180"},"modified":"2022-05-26T10:01:52","modified_gmt":"2022-05-26T08:01:52","slug":"walne-zgromadzenie-czlonkow-2022-2","status":"publish","type":"post","link":"https:\/\/oswiataberlin.de\/de\/walne-zgromadzenie-czlonkow-2022-2\/","title":{"rendered":"Walne Zgromadzenie Cz\u0142onk\u00f3w 2022"},"content":{"rendered":"<p>Zarz\u0105d Polskiego Towarzystwa Szkolnego O\u015bwiata ZAPRASZA na Walne Zebranie Sprawozdawcze, kt\u00f3re odb\u0119dzie si\u0119 26.03.2022 roku o godzinie 16.00 w siedzibie naszego Towarzystwa przy Lichtenrader Str. 42, 12049 Berlin. Podczas spotkania omawianych b\u0119dzie wiele wa\u017cnych problem\u00f3w, z kt\u00f3rymi boryka si\u0119 nasza\u00a0organizacja.<\/p>\n","protected":false},"excerpt":{"rendered":"<p>Zarz\u0105d Polskiego Towarzystwa Szkolnego O\u015bwiata ZAPRASZA na Walne Zebranie Sprawozdawcze, kt\u00f3re odb\u0119dzie si\u0119 26.03.2022 roku o godzinie 16.00 w siedzibie naszego Towarzystwa przy Lichtenrader Str. 42, 12049 Berlin. Podczas spotkania omawianych b\u0119dzie wiele wa\u017cnych problem\u00f3w, z kt\u00f3rymi boryka si\u0119 nasza\u00a0organizacja.<\/p>\n","protected":false},"author":5,"featured_media":3433,"comment_status":"closed","ping_status":"open","sticky":false,"template":"","format":"standard","meta":{"two_page_speed":[],"footnotes":""},"categories":[95],"tags":[],"class_list":["post-4180","post","type-post","status-publish","format-standard","has-post-thumbnail","hentry","category-aktualnosci"],"translation":{"provider":"WPGlobus","version":"3.0.2","language":"de","enabled_languages":["pl","de"],"languages":{"pl":{"title":true,"content":true,"excerpt":false},"de":{"title":false,"content":false,"excerpt":false}}},"_links":{"self":[{"href":"https:\/\/oswiataberlin.de\/de\/wp-json\/wp\/v2\/posts\/4180","targetHints":{"allow":["GET"]}}],"collection":[{"href":"https:\/\/oswiataberlin.de\/de\/wp-json\/wp\/v2\/posts"}],"about":[{"href":"https:\/\/oswiataberlin.de\/de\/wp-json\/wp\/v2\/types\/post"}],"author":[{"embeddable":true,"href":"https:\/\/oswiataberlin.de\/de\/wp-json\/wp\/v2\/users\/5"}],"replies":[{"embeddable":true,"href":"https:\/\/oswiataberlin.de\/de\/wp-json\/wp\/v2\/comments?post=4180"}],"version-history":[{"count":2,"href":"https:\/\/oswiataberlin.de\/de\/wp-json\/wp\/v2\/posts\/4180\/revisions"}],"predecessor-version":[{"id":4182,"href":"https:\/\/oswiataberlin.de\/de\/wp-json\/wp\/v2\/posts\/4180\/revisions\/4182"}],"wp:featuredmedia":[{"embeddable":true,"href":"https:\/\/oswiataberlin.de\/de\/wp-json\/wp\/v2\/media\/3433"}],"wp:attachment":[{"href":"https:\/\/oswiataberlin.de\/de\/wp-json\/wp\/v2\/media?parent=4180"}],"wp:term":[{"taxonomy":"category","embeddable":true,"href":"https:\/\/oswiataberlin.de\/de\/wp-json\/wp\/v2\/categories?post=4180"},{"taxonomy":"post_tag","embeddable":true,"href":"https:\/\/oswiataberlin.de\/de\/wp-json\/wp\/v2\/tags?post=4180"}],"curies":[{"name":"wp","href":"https:\/\/api.w.org\/{rel}","templated":true}]}}