{"id":3877,"date":"2022-02-25T16:42:48","date_gmt":"2022-02-25T15:42:48","guid":{"rendered":"https:\/\/oswiataberlin.de\/?p=3877"},"modified":"2022-03-22T20:35:21","modified_gmt":"2022-03-22T19:35:21","slug":"jestesmy-z-myslami-z-ukraina","status":"publish","type":"post","link":"https:\/\/oswiataberlin.de\/de\/jestesmy-z-myslami-z-ukraina\/","title":{"rendered":"In Gedanken bei der Ukraine"},"content":{"rendered":"<p>Wir sind in Gedanken mit der Ukraine und den Ukrainern, deren Land vom Moskauer Regime brutal angegriffen wurde. Der Angriff auf die freie Ukraine ist ein Angriff auf das freie Europa.<\/p>\n<p><a href=\"https:\/\/kosmosdladoroslych.pl\/ale-temat\/jak-rozmawiac-z-dziecmi-o-wojnie-w-ukrainie\/?fbclid=IwAR2BF042PlJBeKTT6x_I5HI_c8Ts1x_XmRNIU0grEpiji31xLcSYk4oBCos\">Link<\/a><\/p>\n<p><img loading=\"lazy\" decoding=\"async\" class=\"alignnone size-medium wp-image-3878\" src=\"https:\/\/oswiataberlin.de\/wp-content\/uploads\/2022\/02\/IMG_1582-300x300.jpg\" alt=\"\" width=\"300\" height=\"300\" srcset=\"https:\/\/oswiataberlin.de\/wp-content\/uploads\/2022\/02\/IMG_1582-300x300.jpg 300w, https:\/\/oswiataberlin.de\/wp-content\/uploads\/2022\/02\/IMG_1582-1024x1024.jpg 1024w, https:\/\/oswiataberlin.de\/wp-content\/uploads\/2022\/02\/IMG_1582-150x150.jpg 150w, https:\/\/oswiataberlin.de\/wp-content\/uploads\/2022\/02\/IMG_1582-768x768.jpg 768w, https:\/\/oswiataberlin.de\/wp-content\/uploads\/2022\/02\/IMG_1582-700x700.jpg 700w, https:\/\/oswiataberlin.de\/wp-content\/uploads\/2022\/02\/IMG_1582-410x410.jpg 410w, https:\/\/oswiataberlin.de\/wp-content\/uploads\/2022\/02\/IMG_1582-100x100.jpg 100w, https:\/\/oswiataberlin.de\/wp-content\/uploads\/2022\/02\/IMG_1582-275x275.jpg 275w, https:\/\/oswiataberlin.de\/wp-content\/uploads\/2022\/02\/IMG_1582-370x370.jpg 370w, https:\/\/oswiataberlin.de\/wp-content\/uploads\/2022\/02\/IMG_1582-75x75.jpg 75w, https:\/\/oswiataberlin.de\/wp-content\/uploads\/2022\/02\/IMG_1582-770x770.jpg 770w, https:\/\/oswiataberlin.de\/wp-content\/uploads\/2022\/02\/IMG_1582.jpg 1200w\" sizes=\"auto, (max-width: 300px) 100vw, 300px\" \/>\u00a0 \u00a0 \u00a0 \u00a0 <img loading=\"lazy\" decoding=\"async\" class=\"alignnone wp-image-3879\" src=\"https:\/\/oswiataberlin.de\/wp-content\/uploads\/2022\/02\/IMG_1554-300x225.jpeg\" alt=\"\" width=\"352\" height=\"264\" srcset=\"https:\/\/oswiataberlin.de\/wp-content\/uploads\/2022\/02\/IMG_1554-300x225.jpeg 300w, https:\/\/oswiataberlin.de\/wp-content\/uploads\/2022\/02\/IMG_1554-1024x768.jpeg 1024w, https:\/\/oswiataberlin.de\/wp-content\/uploads\/2022\/02\/IMG_1554-768x576.jpeg 768w, https:\/\/oswiataberlin.de\/wp-content\/uploads\/2022\/02\/IMG_1554-1536x1152.jpeg 1536w, https:\/\/oswiataberlin.de\/wp-content\/uploads\/2022\/02\/IMG_1554-2048x1536.jpeg 2048w, https:\/\/oswiataberlin.de\/wp-content\/uploads\/2022\/02\/IMG_1554-700x525.jpeg 700w, https:\/\/oswiataberlin.de\/wp-content\/uploads\/2022\/02\/IMG_1554-410x308.jpeg 410w, https:\/\/oswiataberlin.de\/wp-content\/uploads\/2022\/02\/IMG_1554-100x75.jpeg 100w, https:\/\/oswiataberlin.de\/wp-content\/uploads\/2022\/02\/IMG_1554-275x206.jpeg 275w, https:\/\/oswiataberlin.de\/wp-content\/uploads\/2022\/02\/IMG_1554-770x578.jpeg 770w, https:\/\/oswiataberlin.de\/wp-content\/uploads\/2022\/02\/IMG_1554-370x278.jpeg 370w\" sizes=\"auto, (max-width: 352px) 100vw, 352px\" \/><\/p>\n<div>27.02.2022<\/div>\n<div>seit einigen Tagen beobachten wir mit Entsetzen die Ereignisse in der Ukraine. Viele von uns haben dort Freunde, um die wir uns nun sehr f\u00fcrchten. Aber bei der aktuellen Situation brauchen alle Bewohner dieses Landes Hilfe. Deswegen bitten wir sehr, sich bei der Spendensammlung zu beteiligen, die in einem unserer Lernpunkte organisiert wird &#8211; in der Schule in Steglitz. Alle Sachspenden werden von den Eltern unseren Sch\u00fclers in die Gemeinde Wo\u0142\u00f3w gebracht, die gerade 500 Pl\u00e4tze f\u00fcr Gefl\u00fcchtete aus der Ukraine vorbereiten.<\/div>\n<div><\/div>\n<div>Sollte sich jemand an der Spendensammlung beteiligen wollen, laden wir am Dienstag um 18:50 Uhr in die Kopernikus-Oberschule in der Lepsiusstr. 24\/28, 12163 Berlin ein oder bitten um Kontakt unter der Telefonnummer 017660413966.<\/div>\n<div>\n<div><\/div>\n<div>Dank einer Vereinbarung mit dem Ukrainischen Roten Kreuz starten wir auch eine\u00a0Geldspendensammlung. Es kann auf folgendes Konto eingezahlt werden:<\/div>\n<div><\/div>\n<div>\n<div>\n<div>Polnischer Schulverein &#8222;Oswiata&#8220; in Berlin e.V.<\/div>\n<\/div>\n<div>\n<div>IBAN: DE71 8306 5408 0004 1827 66<\/div>\n<\/div>\n<div>\n<div>BIC\/SWIFT GENODEF1SLR<\/div>\n<\/div>\n<div>\n<div>Verwendungszweck: \u201eUKRAINA\u201d<\/div>\n<div><\/div>\n<div><\/div>\n<\/div>\n<\/div>\n<\/div>\n","protected":false},"excerpt":{"rendered":"<p>Wir sind in Gedanken mit der Ukraine und den Ukrainern, deren Land vom Moskauer Regime brutal angegriffen wurde. Der Angriff auf die freie Ukraine ist ein Angriff auf das freie Europa. Link \u00a0 \u00a0 \u00a0 \u00a0 27.02.2022 seit einigen Tagen beobachten wir mit Entsetzen die Ereignisse in der Ukraine. Viele von uns haben dort Freunde, [&hellip;]<\/p>\n","protected":false},"author":5,"featured_media":3878,"comment_status":"closed","ping_status":"open","sticky":false,"template":"","format":"standard","meta":{"two_page_speed":[],"footnotes":""},"categories":[95],"tags":[],"class_list":["post-3877","post","type-post","status-publish","format-standard","has-post-thumbnail","hentry","category-aktualnosci"],"translation":{"provider":"WPGlobus","version":"3.0.2","language":"de","enabled_languages":["pl","de"],"languages":{"pl":{"title":true,"content":true,"excerpt":false},"de":{"title":true,"content":true,"excerpt":false}}},"_links":{"self":[{"href":"https:\/\/oswiataberlin.de\/de\/wp-json\/wp\/v2\/posts\/3877","targetHints":{"allow":["GET"]}}],"collection":[{"href":"https:\/\/oswiataberlin.de\/de\/wp-json\/wp\/v2\/posts"}],"about":[{"href":"https:\/\/oswiataberlin.de\/de\/wp-json\/wp\/v2\/types\/post"}],"author":[{"embeddable":true,"href":"https:\/\/oswiataberlin.de\/de\/wp-json\/wp\/v2\/users\/5"}],"replies":[{"embeddable":true,"href":"https:\/\/oswiataberlin.de\/de\/wp-json\/wp\/v2\/comments?post=3877"}],"version-history":[{"count":13,"href":"https:\/\/oswiataberlin.de\/de\/wp-json\/wp\/v2\/posts\/3877\/revisions"}],"predecessor-version":[{"id":3942,"href":"https:\/\/oswiataberlin.de\/de\/wp-json\/wp\/v2\/posts\/3877\/revisions\/3942"}],"wp:featuredmedia":[{"embeddable":true,"href":"https:\/\/oswiataberlin.de\/de\/wp-json\/wp\/v2\/media\/3878"}],"wp:attachment":[{"href":"https:\/\/oswiataberlin.de\/de\/wp-json\/wp\/v2\/media?parent=3877"}],"wp:term":[{"taxonomy":"category","embeddable":true,"href":"https:\/\/oswiataberlin.de\/de\/wp-json\/wp\/v2\/categories?post=3877"},{"taxonomy":"post_tag","embeddable":true,"href":"https:\/\/oswiataberlin.de\/de\/wp-json\/wp\/v2\/tags?post=3877"}],"curies":[{"name":"wp","href":"https:\/\/api.w.org\/{rel}","templated":true}]}}