{"id":3467,"date":"2021-09-17T23:46:20","date_gmt":"2021-09-17T21:46:20","guid":{"rendered":"https:\/\/oswiataberlin.de\/?p=3467"},"modified":"2021-09-18T21:45:59","modified_gmt":"2021-09-18T19:45:59","slug":"v-kongres-organizacji-polskich-w-niemczech","status":"publish","type":"post","link":"https:\/\/oswiataberlin.de\/de\/v-kongres-organizacji-polskich-w-niemczech\/","title":{"rendered":"V Kongres Organizacji Polskich w Niemczech"},"content":{"rendered":"<p>w dniach od 17 do 19 wrze\u015bnia 2021 roku odbywa si\u0119 w Berlinie <strong>V Kongres Organizacji Polskich w Niemczech<\/strong> pod tytu\u0142em\u00a0<i>&#8222;Od migracji przez integracj\u0119 do pe\u0142nego uczestnictwa. 30 lat polsko-niemieckiego traktatu, 30 lat migracji. Jak widoczni s\u0105 dzi\u015b niewidzialni Polacy ?&#8220;.\u00a0<\/i><\/p>\n<p>Celem Kongresu jest refleksja nad dorobkiem obecno\u015bci Polak\u00f3w w Niemczech w aspekcie uzgodnie\u0144 traktatowych oraz dalsze motywowanie m\u0142odych europejczyk\u00f3w polskiego pochodzenia do pracy na rzecz europejskiej integracji. Wa\u017cnym tematem spotka\u0144 jest J\u0119zyk Polski, jako j\u0119zyk kraju pochodzenia i j\u0119zyk obcy.<\/p>\n<p>W pi\u0105tkowych debatach wzi\u0119li udzia\u0142 mi\u0119dzy innymi :<\/p>\n<p>Prof. Rita S\u00fcssmuth, przewodnicz\u0105ca niemieckiego Bundestagu w latach 1988-1998<\/p>\n<p>Katarzyna Niewiedzia\u0142, Komisarz Senatu Berlina do spraw integracji i migracji<\/p>\n<p>Cornelia Pieper, Konsul Generalny Niemiec w Gda\u0144sku<\/p>\n<p>Thorsten Klute, rzecznik do spraw Polonii z Nadrenii- Westfalii<\/p>\n<p>Dr. Marek Prawda, by\u0142y Ambasador RP w Niemczech i Szwecji, sta\u0142y przedstawiciel RP przy Unii Europejskiej, obecnie dyrektor Przedstawicielstwa Komisji Europejskiej w Polsce.<\/p>\n<p>Spotkanie prowadzi\u0142y Dr. Kamila Sch\u00f6ll-Mazurek i Joanna Szyma\u0144ska.<\/p>\n<p>W czasie Kongresu zosta\u0142y wr\u0119czone Nagrody Polonicus. W tym roku, tym presti\u017cowym wyr\u00f3\u017cnieniem Polonii za zas\u0142ugi na rzecz dialogu, jednoczenia i promocji Polak\u00f3w w Europie i na \u015bwiecie, obok naszej n<\/p>\n<p>oblistki Olgi Tokarczuk, zosta\u0142 uhonorowany nasz kolega, wieloletni Przewodnicz\u0105cy Komitetu Rodzicielskiego, Zast\u0119pca Przewodnicz\u0105cej PTS O\u015bwiata, a obecnie Przewodnicz\u0105cy Polskiej Rady Zwi\u0105zek Krajowy w Niemczech &#8211; <strong>Ferdynand Domaradzki<\/strong>. Serdecznie Gratulujemy !<\/p>\n<div id='gallery-1' class='gallery galleryid-3467 gallery-columns-3 gallery-size-thumbnail'><figure class='gallery-item'>\n\t\t\t<div class='gallery-icon landscape'>\n\t\t\t\t<a href='https:\/\/oswiataberlin.de\/de\/v-kongres-organizacji-polskich-w-niemczech\/img_8406\/'><img loading=\"lazy\" decoding=\"async\" width=\"150\" height=\"150\" src=\"https:\/\/oswiataberlin.de\/wp-content\/uploads\/2021\/09\/IMG_8406-150x150.jpeg\" class=\"attachment-thumbnail size-thumbnail\" alt=\"\" srcset=\"https:\/\/oswiataberlin.de\/wp-content\/uploads\/2021\/09\/IMG_8406-150x150.jpeg 150w, https:\/\/oswiataberlin.de\/wp-content\/uploads\/2021\/09\/IMG_8406-370x370.jpeg 370w, https:\/\/oswiataberlin.de\/wp-content\/uploads\/2021\/09\/IMG_8406-75x75.jpeg 75w\" sizes=\"auto, (max-width: 150px) 100vw, 150px\" \/><\/a>\n\t\t\t<\/div><\/figure><figure class='gallery-item'>\n\t\t\t<div class='gallery-icon landscape'>\n\t\t\t\t<a href='https:\/\/oswiataberlin.de\/de\/v-kongres-organizacji-polskich-w-niemczech\/img_8400\/'><img loading=\"lazy\" decoding=\"async\" width=\"150\" height=\"150\" src=\"https:\/\/oswiataberlin.de\/wp-content\/uploads\/2021\/09\/IMG_8400-150x150.jpeg\" class=\"attachment-thumbnail size-thumbnail\" alt=\"\" srcset=\"https:\/\/oswiataberlin.de\/wp-content\/uploads\/2021\/09\/IMG_8400-150x150.jpeg 150w, https:\/\/oswiataberlin.de\/wp-content\/uploads\/2021\/09\/IMG_8400-370x370.jpeg 370w, https:\/\/oswiataberlin.de\/wp-content\/uploads\/2021\/09\/IMG_8400-75x75.jpeg 75w\" sizes=\"auto, (max-width: 150px) 100vw, 150px\" \/><\/a>\n\t\t\t<\/div><\/figure><figure class='gallery-item'>\n\t\t\t<div class='gallery-icon landscape'>\n\t\t\t\t<a href='https:\/\/oswiataberlin.de\/de\/v-kongres-organizacji-polskich-w-niemczech\/img_8414\/'><img loading=\"lazy\" decoding=\"async\" width=\"150\" height=\"150\" src=\"https:\/\/oswiataberlin.de\/wp-content\/uploads\/2021\/09\/IMG_8414-150x150.jpeg\" class=\"attachment-thumbnail size-thumbnail\" alt=\"\" srcset=\"https:\/\/oswiataberlin.de\/wp-content\/uploads\/2021\/09\/IMG_8414-150x150.jpeg 150w, https:\/\/oswiataberlin.de\/wp-content\/uploads\/2021\/09\/IMG_8414-370x370.jpeg 370w, https:\/\/oswiataberlin.de\/wp-content\/uploads\/2021\/09\/IMG_8414-75x75.jpeg 75w\" sizes=\"auto, (max-width: 150px) 100vw, 150px\" \/><\/a>\n\t\t\t<\/div><\/figure><figure class='gallery-item'>\n\t\t\t<div class='gallery-icon portrait'>\n\t\t\t\t<a href='https:\/\/oswiataberlin.de\/de\/v-kongres-organizacji-polskich-w-niemczech\/img_8401\/'><img loading=\"lazy\" decoding=\"async\" width=\"150\" height=\"150\" src=\"https:\/\/oswiataberlin.de\/wp-content\/uploads\/2021\/09\/IMG_8401-150x150.jpeg\" class=\"attachment-thumbnail size-thumbnail\" alt=\"\" srcset=\"https:\/\/oswiataberlin.de\/wp-content\/uploads\/2021\/09\/IMG_8401-150x150.jpeg 150w, https:\/\/oswiataberlin.de\/wp-content\/uploads\/2021\/09\/IMG_8401-370x370.jpeg 370w, https:\/\/oswiataberlin.de\/wp-content\/uploads\/2021\/09\/IMG_8401-75x75.jpeg 75w\" sizes=\"auto, (max-width: 150px) 100vw, 150px\" \/><\/a>\n\t\t\t<\/div><\/figure><figure class='gallery-item'>\n\t\t\t<div class='gallery-icon portrait'>\n\t\t\t\t<a href='https:\/\/oswiataberlin.de\/de\/v-kongres-organizacji-polskich-w-niemczech\/img_8403\/'><img loading=\"lazy\" decoding=\"async\" width=\"150\" height=\"150\" src=\"https:\/\/oswiataberlin.de\/wp-content\/uploads\/2021\/09\/IMG_8403-150x150.jpeg\" class=\"attachment-thumbnail size-thumbnail\" alt=\"\" srcset=\"https:\/\/oswiataberlin.de\/wp-content\/uploads\/2021\/09\/IMG_8403-150x150.jpeg 150w, https:\/\/oswiataberlin.de\/wp-content\/uploads\/2021\/09\/IMG_8403-370x370.jpeg 370w, https:\/\/oswiataberlin.de\/wp-content\/uploads\/2021\/09\/IMG_8403-75x75.jpeg 75w\" sizes=\"auto, (max-width: 150px) 100vw, 150px\" \/><\/a>\n\t\t\t<\/div><\/figure><figure class='gallery-item'>\n\t\t\t<div class='gallery-icon portrait'>\n\t\t\t\t<a href='https:\/\/oswiataberlin.de\/de\/v-kongres-organizacji-polskich-w-niemczech\/img_8405-2\/'><img loading=\"lazy\" decoding=\"async\" width=\"150\" height=\"150\" src=\"https:\/\/oswiataberlin.de\/wp-content\/uploads\/2021\/09\/IMG_8405-1-150x150.jpeg\" class=\"attachment-thumbnail size-thumbnail\" alt=\"\" srcset=\"https:\/\/oswiataberlin.de\/wp-content\/uploads\/2021\/09\/IMG_8405-1-150x150.jpeg 150w, https:\/\/oswiataberlin.de\/wp-content\/uploads\/2021\/09\/IMG_8405-1-370x370.jpeg 370w, https:\/\/oswiataberlin.de\/wp-content\/uploads\/2021\/09\/IMG_8405-1-75x75.jpeg 75w\" sizes=\"auto, (max-width: 150px) 100vw, 150px\" \/><\/a>\n\t\t\t<\/div><\/figure><figure class='gallery-item'>\n\t\t\t<div class='gallery-icon landscape'>\n\t\t\t\t<a href='https:\/\/oswiataberlin.de\/de\/v-kongres-organizacji-polskich-w-niemczech\/img_8404\/'><img loading=\"lazy\" decoding=\"async\" width=\"150\" height=\"150\" src=\"https:\/\/oswiataberlin.de\/wp-content\/uploads\/2021\/09\/IMG_8404-150x150.jpeg\" class=\"attachment-thumbnail size-thumbnail\" alt=\"\" srcset=\"https:\/\/oswiataberlin.de\/wp-content\/uploads\/2021\/09\/IMG_8404-150x150.jpeg 150w, https:\/\/oswiataberlin.de\/wp-content\/uploads\/2021\/09\/IMG_8404-370x370.jpeg 370w, https:\/\/oswiataberlin.de\/wp-content\/uploads\/2021\/09\/IMG_8404-75x75.jpeg 75w\" sizes=\"auto, (max-width: 150px) 100vw, 150px\" \/><\/a>\n\t\t\t<\/div><\/figure><figure class='gallery-item'>\n\t\t\t<div class='gallery-icon portrait'>\n\t\t\t\t<a href='https:\/\/oswiataberlin.de\/de\/v-kongres-organizacji-polskich-w-niemczech\/img_8415\/'><img loading=\"lazy\" decoding=\"async\" width=\"150\" height=\"150\" src=\"https:\/\/oswiataberlin.de\/wp-content\/uploads\/2021\/09\/IMG_8415-150x150.jpeg\" class=\"attachment-thumbnail size-thumbnail\" alt=\"\" srcset=\"https:\/\/oswiataberlin.de\/wp-content\/uploads\/2021\/09\/IMG_8415-150x150.jpeg 150w, https:\/\/oswiataberlin.de\/wp-content\/uploads\/2021\/09\/IMG_8415-370x370.jpeg 370w, https:\/\/oswiataberlin.de\/wp-content\/uploads\/2021\/09\/IMG_8415-75x75.jpeg 75w\" sizes=\"auto, (max-width: 150px) 100vw, 150px\" \/><\/a>\n\t\t\t<\/div><\/figure>\n\t\t<\/div>\n\n","protected":false},"excerpt":{"rendered":"<p>w dniach od 17 do 19 wrze\u015bnia 2021 roku odbywa si\u0119 w Berlinie V Kongres Organizacji Polskich w Niemczech pod tytu\u0142em\u00a0&#8222;Od migracji przez integracj\u0119 do pe\u0142nego uczestnictwa. 30 lat polsko-niemieckiego traktatu, 30 lat migracji. Jak widoczni s\u0105 dzi\u015b niewidzialni Polacy ?&#8220;.\u00a0 Celem Kongresu jest refleksja nad dorobkiem obecno\u015bci Polak\u00f3w w Niemczech w aspekcie uzgodnie\u0144 traktatowych [&hellip;]<\/p>\n","protected":false},"author":5,"featured_media":3476,"comment_status":"closed","ping_status":"open","sticky":false,"template":"","format":"standard","meta":{"two_page_speed":[],"footnotes":""},"categories":[95],"tags":[],"class_list":["post-3467","post","type-post","status-publish","format-standard","has-post-thumbnail","hentry","category-aktualnosci"],"translation":{"provider":"WPGlobus","version":"3.0.2","language":"de","enabled_languages":["pl","de"],"languages":{"pl":{"title":true,"content":true,"excerpt":false},"de":{"title":false,"content":false,"excerpt":false}}},"_links":{"self":[{"href":"https:\/\/oswiataberlin.de\/de\/wp-json\/wp\/v2\/posts\/3467","targetHints":{"allow":["GET"]}}],"collection":[{"href":"https:\/\/oswiataberlin.de\/de\/wp-json\/wp\/v2\/posts"}],"about":[{"href":"https:\/\/oswiataberlin.de\/de\/wp-json\/wp\/v2\/types\/post"}],"author":[{"embeddable":true,"href":"https:\/\/oswiataberlin.de\/de\/wp-json\/wp\/v2\/users\/5"}],"replies":[{"embeddable":true,"href":"https:\/\/oswiataberlin.de\/de\/wp-json\/wp\/v2\/comments?post=3467"}],"version-history":[{"count":5,"href":"https:\/\/oswiataberlin.de\/de\/wp-json\/wp\/v2\/posts\/3467\/revisions"}],"predecessor-version":[{"id":3483,"href":"https:\/\/oswiataberlin.de\/de\/wp-json\/wp\/v2\/posts\/3467\/revisions\/3483"}],"wp:featuredmedia":[{"embeddable":true,"href":"https:\/\/oswiataberlin.de\/de\/wp-json\/wp\/v2\/media\/3476"}],"wp:attachment":[{"href":"https:\/\/oswiataberlin.de\/de\/wp-json\/wp\/v2\/media?parent=3467"}],"wp:term":[{"taxonomy":"category","embeddable":true,"href":"https:\/\/oswiataberlin.de\/de\/wp-json\/wp\/v2\/categories?post=3467"},{"taxonomy":"post_tag","embeddable":true,"href":"https:\/\/oswiataberlin.de\/de\/wp-json\/wp\/v2\/tags?post=3467"}],"curies":[{"name":"wp","href":"https:\/\/api.w.org\/{rel}","templated":true}]}}