{"id":2176,"date":"2018-04-23T06:43:16","date_gmt":"2018-04-23T04:43:16","guid":{"rendered":"https:\/\/oswiataberlin.de\/?p=2176"},"modified":"2022-04-05T21:33:30","modified_gmt":"2022-04-05T19:33:30","slug":"walne-zebranie-2018-relacja","status":"publish","type":"post","link":"https:\/\/oswiataberlin.de\/de\/walne-zebranie-2018-relacja\/","title":{"rendered":"Walne Zebranie 2018 &#8211; relacja"},"content":{"rendered":"<p>Am Sonntag, den 22.04.2018 fand im Restaurant \u201ePREMA\u201c in der Wundstr. 9 in Berlin-Charlottenburg eine Mitgliedervollversammlung von PTS \u201eO\u015bwiata\u201c statt. Nach dem Bekanntgeben des zur Auswahl stehenden neuen Vorstands wurden folgenden Personen einstimmig gew\u00e4hlt:<\/p>\n<p>&#8211; Barbara Rejak &#8211; Vorstandsvorsitzende<\/p>\n<p>&#8211; Jakub Nowak \u2013 Vizevorstandsvorsitzender<\/p>\n<p>&#8211; Dorota Sowinski &#8211; Vizevorstandsvorsitzende<\/p>\n<p>&#8211; Anna Jas &#8211; Sekret\u00e4rin<\/p>\n<p>&#8211; Iwona Hermann &#8211; Schatzmeisterin<\/p>\n<p>Mitglied des Vorstands ist ebenso Izabela Mischke, die die Position als Vorsitzende des P\u00e4dagogischen Rates innehat und in diese Position von der Lehrerschaft gew\u00e4hlt wurde.<\/p>\n<p>Die Vollversammlung hat beschlossen, dass alle erwachsenen Mitglieder von PTS \u201eO\u015bwiata\u201c ab 2018 einen Jahresbeitrag in H\u00f6he von 24 \u20ac zahlen m\u00fcssen. Bis dahin waren Lehrer und Vorstandsmitglieder von der Regelung ausgenommen.<\/p>\n<p>Zudem wurde beschlossen, die Kassenpr\u00fcfer auf drei Personen zu vergr\u00f6\u00dfern. Diese sind Lidia Kozlowska, Elzbieta Guderska-Pociecha und Grazyna Adamska.<\/p>\n<p>Wir gratulieren allen recht herzlich und ganz besonders gratulieren wir Grazyna Adamska, die sich nach mehreren Jahren wieder in unserem Kreis befindet.<\/p>\n","protected":false},"excerpt":{"rendered":"<p>Am Sonntag, den 22.04.2018 fand im Restaurant \u201ePREMA\u201c in der Wundstr. 9 in Berlin-Charlottenburg eine Mitgliedervollversammlung von PTS \u201eO\u015bwiata\u201c statt. Nach dem Bekanntgeben des zur Auswahl stehenden neuen Vorstands wurden folgenden Personen einstimmig gew\u00e4hlt: &#8211; Barbara Rejak &#8211; Vorstandsvorsitzende &#8211; Jakub Nowak \u2013 Vizevorstandsvorsitzender &#8211; Dorota Sowinski &#8211; Vizevorstandsvorsitzende &#8211; Anna Jas &#8211; Sekret\u00e4rin &#8211; [&hellip;]<\/p>\n","protected":false},"author":5,"featured_media":1779,"comment_status":"closed","ping_status":"open","sticky":false,"template":"","format":"standard","meta":{"two_page_speed":[],"footnotes":""},"categories":[95,100],"tags":[],"class_list":["post-2176","post","type-post","status-publish","format-standard","has-post-thumbnail","hentry","category-aktualnosci","category-stowarzyszenie"],"translation":{"provider":"WPGlobus","version":"3.0.2","language":"de","enabled_languages":["pl","de"],"languages":{"pl":{"title":true,"content":true,"excerpt":false},"de":{"title":false,"content":true,"excerpt":false}}},"_links":{"self":[{"href":"https:\/\/oswiataberlin.de\/de\/wp-json\/wp\/v2\/posts\/2176","targetHints":{"allow":["GET"]}}],"collection":[{"href":"https:\/\/oswiataberlin.de\/de\/wp-json\/wp\/v2\/posts"}],"about":[{"href":"https:\/\/oswiataberlin.de\/de\/wp-json\/wp\/v2\/types\/post"}],"author":[{"embeddable":true,"href":"https:\/\/oswiataberlin.de\/de\/wp-json\/wp\/v2\/users\/5"}],"replies":[{"embeddable":true,"href":"https:\/\/oswiataberlin.de\/de\/wp-json\/wp\/v2\/comments?post=2176"}],"version-history":[{"count":4,"href":"https:\/\/oswiataberlin.de\/de\/wp-json\/wp\/v2\/posts\/2176\/revisions"}],"predecessor-version":[{"id":4054,"href":"https:\/\/oswiataberlin.de\/de\/wp-json\/wp\/v2\/posts\/2176\/revisions\/4054"}],"wp:featuredmedia":[{"embeddable":true,"href":"https:\/\/oswiataberlin.de\/de\/wp-json\/wp\/v2\/media\/1779"}],"wp:attachment":[{"href":"https:\/\/oswiataberlin.de\/de\/wp-json\/wp\/v2\/media?parent=2176"}],"wp:term":[{"taxonomy":"category","embeddable":true,"href":"https:\/\/oswiataberlin.de\/de\/wp-json\/wp\/v2\/categories?post=2176"},{"taxonomy":"post_tag","embeddable":true,"href":"https:\/\/oswiataberlin.de\/de\/wp-json\/wp\/v2\/tags?post=2176"}],"curies":[{"name":"wp","href":"https:\/\/api.w.org\/{rel}","templated":true}]}}