{"id":1756,"date":"2020-01-20T12:29:04","date_gmt":"2020-01-20T11:29:04","guid":{"rendered":"https:\/\/oswiataberlin.de\/?p=1756"},"modified":"2021-08-27T13:46:02","modified_gmt":"2021-08-27T11:46:02","slug":"koncert-noworoczny-oraz-gala-najlepszy-z-najlepszych-2019","status":"publish","type":"post","link":"https:\/\/oswiataberlin.de\/de\/koncert-noworoczny-oraz-gala-najlepszy-z-najlepszych-2019\/","title":{"rendered":"Neujahrskonzert 2020 und Gala &#8222;Der Beste der besten&#8220;"},"content":{"rendered":"<p>Am 9. Januar 2020 fand im Rathaus Reinickendorf auf dem Neujahrskonzert die Gala \u201eNajlepszy z Najlepszych\u201c statt, die der Polnischen Rat organisierte.<\/p>\n<p><img loading=\"lazy\" decoding=\"async\" class=\"alignnone wp-image-1757 aligncenter\" src=\"https:\/\/oswiataberlin.de\/wp-content\/uploads\/2020\/02\/20200119_koncert_zaproszenie-271x300.png\" alt=\"\" width=\"346\" height=\"383\" srcset=\"https:\/\/oswiataberlin.de\/wp-content\/uploads\/2020\/02\/20200119_koncert_zaproszenie-271x300.png 271w, https:\/\/oswiataberlin.de\/wp-content\/uploads\/2020\/02\/20200119_koncert_zaproszenie-925x1024.png 925w, https:\/\/oswiataberlin.de\/wp-content\/uploads\/2020\/02\/20200119_koncert_zaproszenie-768x851.png 768w, https:\/\/oswiataberlin.de\/wp-content\/uploads\/2020\/02\/20200119_koncert_zaproszenie-700x775.png 700w, https:\/\/oswiataberlin.de\/wp-content\/uploads\/2020\/02\/20200119_koncert_zaproszenie-410x454.png 410w, https:\/\/oswiataberlin.de\/wp-content\/uploads\/2020\/02\/20200119_koncert_zaproszenie-100x111.png 100w, https:\/\/oswiataberlin.de\/wp-content\/uploads\/2020\/02\/20200119_koncert_zaproszenie-275x305.png 275w, https:\/\/oswiataberlin.de\/wp-content\/uploads\/2020\/02\/20200119_koncert_zaproszenie-770x853.png 770w, https:\/\/oswiataberlin.de\/wp-content\/uploads\/2020\/02\/20200119_koncert_zaproszenie-370x410.png 370w, https:\/\/oswiataberlin.de\/wp-content\/uploads\/2020\/02\/20200119_koncert_zaproszenie.png 1024w\" sizes=\"auto, (max-width: 346px) 100vw, 346px\" \/><\/p>\n<p>&nbsp;<\/p>\n<p>W\u00e4hrend des Konzertes wurden die Preise f\u00fcr die Gewinner der Gala \u201eNajlepszy z najlepszych\u201c vergeben. Besondere Ehre wurde in diesem Jahr der Vorsitzenden des Schulvereins PTS \u201eOswiata\u201c <strong>Barbara Rejak<\/strong> zu teil. Sie erhielt eine Statuette von der Staatsministerin und Beauftragten der Bundesregierung f\u00fcr Kultur und Medien Monika Gr\u00fctters. Die Laudatio f\u00fcr die Ausgezeichnete hat Jakub Nowak gehalten.<\/p>\n<div>\n<p><strong>Wir gratulieren recht herzlich<\/strong><\/p>\n<\/div>\n<p>&nbsp;<\/p>\n<p><em>Guten Abend, \u00a0 \u00a0 \u00a0 \u00a0 \u00a0 \u00a0 \u00a0 \u00a0 \u00a0 \u00a0 \u00a0 \u00a0 \u00a0 \u00a0 \u00a0 \u00a0 \u00a0 \u00a0 \u00a0 \u00a0 \u00a0 \u00a0 \u00a0 \u00a0 \u00a0 \u00a0 \u00a0 \u00a0 \u00a0 \u00a0 \u00a0 \u00a0 \u00a0 \u00a0 \u00a0 \u00a0 \u00a0 \u00a0 \u00a0 \u00a0 \u00a0 \u00a0 \u00a0 \u00a0 \u00a0 \u00a0 \u00a0 \u00a0 \u00a0 \u00a0 \u00a0 \u00a0 \u00a0 \u00a0 \u00a0 \u00a0 \u00a0 \u00a0 \u00a0 \u00a0 \u00a0 \u00a0 \u00a0 \u00a0 \u00a0 \u00a0 \u00a0 \u00a0 \u00a0 \u00a0 \u00a0 \u00a0 \u00a0 \u00a0 \u00a0 \u00a0 \u00a0 \u00a0 \u00a0 \u00a0 \u00a0 \u00a0 \u00a0 \u00a0 \u00a0 \u00a0 \u00a0 \u00a0 \u00a0 \u00a0 \u00a0 \u00a0 \u00a0 \u00a0 \u00a0 \u00a0 \u00a0 \u00a0 \u00a0 \u00a0 \u00a0 \u00a0<\/em><em>Liebe Preistr\u00e4gerin, sehr geehrte Damen und Herren,<\/em><\/p>\n<p><em>bitte verzeihen Sie mir meine Nervosit\u00e4t, aber als Barbara Rejak mich bat, die Laudatio \u00fcber sie zu halten, befiel mich zuerst ein Schrecken, und erst dann enorme R\u00fchrung. Ihnen Frau Rejak vorzustellen, ist n\u00e4mlich nicht nur eine riesige Ehre, sondern auch eine \u00e4u\u00dferst verantwortungsvolle Aufgabe. Denn wie soll man in nur f\u00fcnf Minuten \u00fcber eine derart wichtige Pers\u00f6nlichkeit f\u00fcr die Berliner Polonia \u201eDer Besten unter den Besten 2019\u201c etwas erz\u00e4hlen?<\/em><\/p>\n<p><em>Barbara Rejak wurde in Lublin geboren, wo sie nach dem Abitur an der Marie-Curie-Sk\u0142odowska-Universit\u00e4t englische Philologie studierte. Nach ihrem Abschluss begann sie in Gda\u0144sk zu arbeiten, zuerst in einem Liceum, dann in einem Berufsschulzentrum f\u00fcr Landwirtschaft. Gleichzeitig f\u00fchrte sie Englischkurse f\u00fcr Erwachsene durch.<\/em><\/p>\n<p><em>Am 1. April 1981 wurde ihr eine verlockende Reise als \u00dcbersetzerin in den Irak angeboten. Der Aprilscherz, wie sie dachte, stellte sich als wahr heraus und im Juni ging sie nach Bagdad, um Geld f\u00fcr die Reisen zu verdienen, von denen sie tr\u00e4umte. Leider durchkreuzte die Verh\u00e4ngung des Kriegsrechts Barbaras Pl\u00e4ne, und sie musste ihren Traum von der Eroberung der Welt auf sp\u00e4ter verschieben.<\/em><\/p>\n<p><em>Gl\u00fccklicherweise gelang es ihr im Juni 1982, West-Berlin zu erreichen. Hier nahm sie zun\u00e4chst verschiedene Jobs an und begann 1984 ein Studium der Englischen Philologie und der Slawistik an der FU.<\/em><\/p>\n<p><em>Seit 2002 arbeitet sie als Beraterin f\u00fcr Berufsschulfragen f\u00fcr den Verein Arbeit und Bildung e.V., wo sie jungen Menschen hilft, ihren Platz im Berufsleben zu finden.<\/em><\/p>\n<p><em>Barbara Rejak ist mit dem Polnischen Schulverein &#8222;O\u015bwiata&#8220; in Berlin e.V. verbunden, seit sie ihren siebenj\u00e4hrigen Sohn Adam dorthin zum Unterricht brachte. Das war im Jahr 1994. Mit ihrem angeborenen Enthusiasmus wurde schnell aus der Mutter, die ihren Sohn zur Schule bringt, eine Lehrerin der Schule.<\/em><\/p>\n<p><em>Ihr Wissen, vor allem ihr Wissen gepaart mit ihrem Einfallsreichtum, geht einher mit ihrem Verantwortungsbewusstsein und ihrer Konsequenz bei der Umsetzung ihrer Pl\u00e4ne, was ihr hohe Anerkennung bei den Mitgliedern des Vereins einbrachte. Im Jahr 2000 w\u00e4hlten die Mitglieder Barbara Rejak zur Vorsitzenden des Schulvereins.<\/em><\/p>\n<p><em>Ja, bereits 20 Jahre tr\u00e4gt sie die F\u00fchrung der gr\u00f6\u00dften Organisation der Berliner Polonia auf ihren Schultern.<\/em><\/p>\n<p><em>Als ich Barbara 2004 kennenlernte, machte sie auf mich den Eindruck einer mysteri\u00f6sen Chefin mit einer Zigarette in der einen Hand und einem Glas Rotwein in der anderen Hand.<span class=\"Apple-converted-space\">\u00a0 <\/span>Ich erinnere mich noch genau, es war im Polnischen Kulturinstitut in der Karl-Liebknecht-Stra\u00dfe w\u00e4hrend eines Weihnachtstreffens.<span class=\"Apple-converted-space\">\u00a0<\/span><\/em><\/p>\n<p><em>Aber das war nur der erste Eindruck. Schon nach wenigen Begegnungen sah ich in ihr eine sehr energische Frau, die oft in einem solchen Tempo sprach, dass ich kaum mithalten konnte. Sie hatte hundert Ideen pro Minute und die F\u00e4higkeit, andere damit anzustecken. Und so ist es bis heute geblieben.<\/em><\/p>\n<p><em>Die Chefin des Vereins \u201eO\u015bwiata\u201c zu sein, ist es eine \u00e4u\u00dferst schwierige Aufgabe, aufgrund der spezifischen Besonderheiten unserer Arbeit. Eine fliegende Schule, wie Barbara sie nennt, die jedes Jahr etwa 300 Sch\u00fcler und 25 Lehrer hat, erfordert Engagement, Ausdauer und Kraft. Sie muss den Betrieb mehrerer Lehrzentren in Berlin und Potsdam sicherstellen. Sie koordiniert die Arbeit an den einzelnen Projekten, verteilt die Aufgaben an die Mitglieder des Vorstandes und k\u00e4mpft vor allem um Ressourcen f\u00fcr eine auch nur minimale soziale Anerkennung der Arbeit der Lehrer, f\u00fcr die Aufrechterhaltung des B\u00fcros und der Aktivit\u00e4ten des Vereins.<\/em><\/p>\n<p><em>Heute, nach 15 Jahren enger Zusammenarbeit mit Barbara Rejak, wei\u00df ich, dass sie der Motor unserer Organisation ist. Sie ist au\u00dferdem ein Balsam, der jegliche Konflikte mildert. Immer diplomatisch, sachlich und professionell, aber auch einfach nur menschlich, mit einem Wort: au\u00dfergew\u00f6hnlich.<\/em><\/p>\n<p><em>Vor genau einer Woche um diese Zeit feierten wir das 28. Finale des Gro\u00dfen Orchesters der Weihnachtshilfe. Jurek Owsiak w\u00fcrde sagen: \u201eBarbara, du bist gro\u00dfartig, spiel mit uns bis zum Ende der Welt und einen Tag l\u00e4nger.\u201c Ich bin davon \u00fcberzeugt, dass der gesamte Vorstand und alle Lehrer des Vereins \u201eO\u015bwiata\u201c der gleichen Meinung sind.<\/em><\/p>\n<p><strong>Wir gratulieren von Herzen!<\/strong><\/p>\n<p><img loading=\"lazy\" decoding=\"async\" class=\"alignnone size-medium wp-image-1824\" src=\"https:\/\/oswiataberlin.de\/wp-content\/uploads\/2020\/01\/DSC_2382-200x300.jpg\" alt=\"\" width=\"200\" height=\"300\" srcset=\"https:\/\/oswiataberlin.de\/wp-content\/uploads\/2020\/01\/DSC_2382-200x300.jpg 200w, https:\/\/oswiataberlin.de\/wp-content\/uploads\/2020\/01\/DSC_2382-410x615.jpg 410w, https:\/\/oswiataberlin.de\/wp-content\/uploads\/2020\/01\/DSC_2382-100x150.jpg 100w, https:\/\/oswiataberlin.de\/wp-content\/uploads\/2020\/01\/DSC_2382-275x412.jpg 275w, https:\/\/oswiataberlin.de\/wp-content\/uploads\/2020\/01\/DSC_2382-370x555.jpg 370w, https:\/\/oswiataberlin.de\/wp-content\/uploads\/2020\/01\/DSC_2382.jpg 683w\" sizes=\"auto, (max-width: 200px) 100vw, 200px\" \/><img loading=\"lazy\" decoding=\"async\" class=\"alignnone size-medium wp-image-1834\" src=\"https:\/\/oswiataberlin.de\/wp-content\/uploads\/2020\/01\/IMG_2370-225x300.jpg\" alt=\"\" width=\"225\" height=\"300\" srcset=\"https:\/\/oswiataberlin.de\/wp-content\/uploads\/2020\/01\/IMG_2370-225x300.jpg 225w, https:\/\/oswiataberlin.de\/wp-content\/uploads\/2020\/01\/IMG_2370-700x933.jpg 700w, https:\/\/oswiataberlin.de\/wp-content\/uploads\/2020\/01\/IMG_2370-410x547.jpg 410w, https:\/\/oswiataberlin.de\/wp-content\/uploads\/2020\/01\/IMG_2370-100x133.jpg 100w, https:\/\/oswiataberlin.de\/wp-content\/uploads\/2020\/01\/IMG_2370-275x367.jpg 275w, https:\/\/oswiataberlin.de\/wp-content\/uploads\/2020\/01\/IMG_2370-370x493.jpg 370w, https:\/\/oswiataberlin.de\/wp-content\/uploads\/2020\/01\/IMG_2370.jpg 768w\" sizes=\"auto, (max-width: 225px) 100vw, 225px\" \/><img loading=\"lazy\" decoding=\"async\" class=\"alignnone wp-image-1825\" src=\"https:\/\/oswiataberlin.de\/wp-content\/uploads\/2020\/01\/DSC_5781-300x147.jpg\" alt=\"\" width=\"485\" height=\"238\" srcset=\"https:\/\/oswiataberlin.de\/wp-content\/uploads\/2020\/01\/DSC_5781-300x147.jpg 300w, https:\/\/oswiataberlin.de\/wp-content\/uploads\/2020\/01\/DSC_5781-768x377.jpg 768w, https:\/\/oswiataberlin.de\/wp-content\/uploads\/2020\/01\/DSC_5781-700x344.jpg 700w, https:\/\/oswiataberlin.de\/wp-content\/uploads\/2020\/01\/DSC_5781-410x201.jpg 410w, https:\/\/oswiataberlin.de\/wp-content\/uploads\/2020\/01\/DSC_5781-100x49.jpg 100w, https:\/\/oswiataberlin.de\/wp-content\/uploads\/2020\/01\/DSC_5781-275x135.jpg 275w, https:\/\/oswiataberlin.de\/wp-content\/uploads\/2020\/01\/DSC_5781-770x378.jpg 770w, https:\/\/oswiataberlin.de\/wp-content\/uploads\/2020\/01\/DSC_5781-370x182.jpg 370w, https:\/\/oswiataberlin.de\/wp-content\/uploads\/2020\/01\/DSC_5781.jpg 1024w\" sizes=\"auto, (max-width: 485px) 100vw, 485px\" \/><img loading=\"lazy\" decoding=\"async\" class=\"alignnone size-medium wp-image-1826\" src=\"https:\/\/oswiataberlin.de\/wp-content\/uploads\/2020\/01\/DSC_5889-300x200.jpg\" alt=\"\" width=\"300\" height=\"200\" srcset=\"https:\/\/oswiataberlin.de\/wp-content\/uploads\/2020\/01\/DSC_5889-300x200.jpg 300w, https:\/\/oswiataberlin.de\/wp-content\/uploads\/2020\/01\/DSC_5889-768x512.jpg 768w, https:\/\/oswiataberlin.de\/wp-content\/uploads\/2020\/01\/DSC_5889-700x467.jpg 700w, https:\/\/oswiataberlin.de\/wp-content\/uploads\/2020\/01\/DSC_5889-410x273.jpg 410w, https:\/\/oswiataberlin.de\/wp-content\/uploads\/2020\/01\/DSC_5889-100x67.jpg 100w, https:\/\/oswiataberlin.de\/wp-content\/uploads\/2020\/01\/DSC_5889-275x183.jpg 275w, https:\/\/oswiataberlin.de\/wp-content\/uploads\/2020\/01\/DSC_5889-770x514.jpg 770w, https:\/\/oswiataberlin.de\/wp-content\/uploads\/2020\/01\/DSC_5889-370x247.jpg 370w, https:\/\/oswiataberlin.de\/wp-content\/uploads\/2020\/01\/DSC_5889.jpg 1024w\" sizes=\"auto, (max-width: 300px) 100vw, 300px\" \/><img loading=\"lazy\" decoding=\"async\" class=\"alignnone size-medium wp-image-1827\" src=\"https:\/\/oswiataberlin.de\/wp-content\/uploads\/2020\/01\/DSC_5928-300x200.jpg\" alt=\"\" width=\"300\" height=\"200\" srcset=\"https:\/\/oswiataberlin.de\/wp-content\/uploads\/2020\/01\/DSC_5928-300x200.jpg 300w, https:\/\/oswiataberlin.de\/wp-content\/uploads\/2020\/01\/DSC_5928-768x512.jpg 768w, https:\/\/oswiataberlin.de\/wp-content\/uploads\/2020\/01\/DSC_5928-700x467.jpg 700w, https:\/\/oswiataberlin.de\/wp-content\/uploads\/2020\/01\/DSC_5928-410x273.jpg 410w, https:\/\/oswiataberlin.de\/wp-content\/uploads\/2020\/01\/DSC_5928-100x67.jpg 100w, https:\/\/oswiataberlin.de\/wp-content\/uploads\/2020\/01\/DSC_5928-275x183.jpg 275w, https:\/\/oswiataberlin.de\/wp-content\/uploads\/2020\/01\/DSC_5928-770x514.jpg 770w, https:\/\/oswiataberlin.de\/wp-content\/uploads\/2020\/01\/DSC_5928-370x247.jpg 370w, https:\/\/oswiataberlin.de\/wp-content\/uploads\/2020\/01\/DSC_5928.jpg 1024w\" sizes=\"auto, (max-width: 300px) 100vw, 300px\" \/><img loading=\"lazy\" decoding=\"async\" class=\"alignnone size-medium wp-image-1828\" src=\"https:\/\/oswiataberlin.de\/wp-content\/uploads\/2020\/01\/DSC_5932-300x200.jpg\" alt=\"\" width=\"300\" height=\"200\" srcset=\"https:\/\/oswiataberlin.de\/wp-content\/uploads\/2020\/01\/DSC_5932-300x200.jpg 300w, https:\/\/oswiataberlin.de\/wp-content\/uploads\/2020\/01\/DSC_5932-768x512.jpg 768w, https:\/\/oswiataberlin.de\/wp-content\/uploads\/2020\/01\/DSC_5932-700x467.jpg 700w, https:\/\/oswiataberlin.de\/wp-content\/uploads\/2020\/01\/DSC_5932-410x273.jpg 410w, https:\/\/oswiataberlin.de\/wp-content\/uploads\/2020\/01\/DSC_5932-100x67.jpg 100w, https:\/\/oswiataberlin.de\/wp-content\/uploads\/2020\/01\/DSC_5932-275x183.jpg 275w, https:\/\/oswiataberlin.de\/wp-content\/uploads\/2020\/01\/DSC_5932-770x514.jpg 770w, https:\/\/oswiataberlin.de\/wp-content\/uploads\/2020\/01\/DSC_5932-370x247.jpg 370w, https:\/\/oswiataberlin.de\/wp-content\/uploads\/2020\/01\/DSC_5932.jpg 1024w\" sizes=\"auto, (max-width: 300px) 100vw, 300px\" \/><img loading=\"lazy\" decoding=\"async\" class=\"alignnone size-medium wp-image-1830\" src=\"https:\/\/oswiataberlin.de\/wp-content\/uploads\/2020\/01\/DSC_5942-300x200.jpg\" alt=\"\" width=\"300\" height=\"200\" srcset=\"https:\/\/oswiataberlin.de\/wp-content\/uploads\/2020\/01\/DSC_5942-300x200.jpg 300w, https:\/\/oswiataberlin.de\/wp-content\/uploads\/2020\/01\/DSC_5942-768x512.jpg 768w, https:\/\/oswiataberlin.de\/wp-content\/uploads\/2020\/01\/DSC_5942-700x467.jpg 700w, https:\/\/oswiataberlin.de\/wp-content\/uploads\/2020\/01\/DSC_5942-410x273.jpg 410w, https:\/\/oswiataberlin.de\/wp-content\/uploads\/2020\/01\/DSC_5942-100x67.jpg 100w, https:\/\/oswiataberlin.de\/wp-content\/uploads\/2020\/01\/DSC_5942-275x183.jpg 275w, https:\/\/oswiataberlin.de\/wp-content\/uploads\/2020\/01\/DSC_5942-770x514.jpg 770w, https:\/\/oswiataberlin.de\/wp-content\/uploads\/2020\/01\/DSC_5942-370x247.jpg 370w, https:\/\/oswiataberlin.de\/wp-content\/uploads\/2020\/01\/DSC_5942.jpg 1024w\" sizes=\"auto, (max-width: 300px) 100vw, 300px\" \/><img loading=\"lazy\" decoding=\"async\" class=\"alignnone size-medium wp-image-1832\" src=\"https:\/\/oswiataberlin.de\/wp-content\/uploads\/2020\/01\/DSC_5967-300x200.jpg\" alt=\"\" width=\"300\" height=\"200\" srcset=\"https:\/\/oswiataberlin.de\/wp-content\/uploads\/2020\/01\/DSC_5967-300x200.jpg 300w, https:\/\/oswiataberlin.de\/wp-content\/uploads\/2020\/01\/DSC_5967-768x512.jpg 768w, https:\/\/oswiataberlin.de\/wp-content\/uploads\/2020\/01\/DSC_5967-700x467.jpg 700w, https:\/\/oswiataberlin.de\/wp-content\/uploads\/2020\/01\/DSC_5967-410x273.jpg 410w, https:\/\/oswiataberlin.de\/wp-content\/uploads\/2020\/01\/DSC_5967-100x67.jpg 100w, https:\/\/oswiataberlin.de\/wp-content\/uploads\/2020\/01\/DSC_5967-275x183.jpg 275w, https:\/\/oswiataberlin.de\/wp-content\/uploads\/2020\/01\/DSC_5967-770x514.jpg 770w, https:\/\/oswiataberlin.de\/wp-content\/uploads\/2020\/01\/DSC_5967-370x247.jpg 370w, https:\/\/oswiataberlin.de\/wp-content\/uploads\/2020\/01\/DSC_5967.jpg 1024w\" sizes=\"auto, (max-width: 300px) 100vw, 300px\" \/><img loading=\"lazy\" decoding=\"async\" class=\"alignnone size-medium wp-image-1829\" src=\"https:\/\/oswiataberlin.de\/wp-content\/uploads\/2020\/01\/DSC_5936-300x200.jpg\" alt=\"\" width=\"300\" height=\"200\" srcset=\"https:\/\/oswiataberlin.de\/wp-content\/uploads\/2020\/01\/DSC_5936-300x200.jpg 300w, https:\/\/oswiataberlin.de\/wp-content\/uploads\/2020\/01\/DSC_5936-768x512.jpg 768w, https:\/\/oswiataberlin.de\/wp-content\/uploads\/2020\/01\/DSC_5936-700x467.jpg 700w, https:\/\/oswiataberlin.de\/wp-content\/uploads\/2020\/01\/DSC_5936-410x273.jpg 410w, https:\/\/oswiataberlin.de\/wp-content\/uploads\/2020\/01\/DSC_5936-100x67.jpg 100w, https:\/\/oswiataberlin.de\/wp-content\/uploads\/2020\/01\/DSC_5936-275x183.jpg 275w, https:\/\/oswiataberlin.de\/wp-content\/uploads\/2020\/01\/DSC_5936-770x514.jpg 770w, https:\/\/oswiataberlin.de\/wp-content\/uploads\/2020\/01\/DSC_5936-370x247.jpg 370w, https:\/\/oswiataberlin.de\/wp-content\/uploads\/2020\/01\/DSC_5936.jpg 1024w\" sizes=\"auto, (max-width: 300px) 100vw, 300px\" \/><img loading=\"lazy\" decoding=\"async\" class=\"alignnone size-medium wp-image-1833\" src=\"https:\/\/oswiataberlin.de\/wp-content\/uploads\/2020\/01\/IMG_2360-225x300.jpg\" alt=\"\" width=\"225\" height=\"300\" srcset=\"https:\/\/oswiataberlin.de\/wp-content\/uploads\/2020\/01\/IMG_2360-225x300.jpg 225w, https:\/\/oswiataberlin.de\/wp-content\/uploads\/2020\/01\/IMG_2360-700x933.jpg 700w, https:\/\/oswiataberlin.de\/wp-content\/uploads\/2020\/01\/IMG_2360-410x547.jpg 410w, https:\/\/oswiataberlin.de\/wp-content\/uploads\/2020\/01\/IMG_2360-100x133.jpg 100w, https:\/\/oswiataberlin.de\/wp-content\/uploads\/2020\/01\/IMG_2360-275x367.jpg 275w, https:\/\/oswiataberlin.de\/wp-content\/uploads\/2020\/01\/IMG_2360-370x493.jpg 370w, https:\/\/oswiataberlin.de\/wp-content\/uploads\/2020\/01\/IMG_2360.jpg 768w\" sizes=\"auto, (max-width: 225px) 100vw, 225px\" \/><\/p>\n<p>&nbsp;<\/p>\n","protected":false},"excerpt":{"rendered":"<p>Am 9. Januar 2020 fand im Rathaus Reinickendorf auf dem Neujahrskonzert die Gala \u201eNajlepszy z Najlepszych\u201c statt, die der Polnischen Rat organisierte. &nbsp; W\u00e4hrend des Konzertes wurden die Preise f\u00fcr die Gewinner der Gala \u201eNajlepszy z najlepszych\u201c vergeben. Besondere Ehre wurde in diesem Jahr der Vorsitzenden des Schulvereins PTS \u201eOswiata\u201c Barbara Rejak zu teil. Sie [&hellip;]<\/p>\n","protected":false},"author":1,"featured_media":1757,"comment_status":"closed","ping_status":"open","sticky":false,"template":"","format":"standard","meta":{"two_page_speed":[],"footnotes":""},"categories":[95,100],"tags":[],"class_list":["post-1756","post","type-post","status-publish","format-standard","has-post-thumbnail","hentry","category-aktualnosci","category-stowarzyszenie"],"translation":{"provider":"WPGlobus","version":"3.0.2","language":"de","enabled_languages":["pl","de"],"languages":{"pl":{"title":true,"content":true,"excerpt":false},"de":{"title":true,"content":true,"excerpt":false}}},"_links":{"self":[{"href":"https:\/\/oswiataberlin.de\/de\/wp-json\/wp\/v2\/posts\/1756","targetHints":{"allow":["GET"]}}],"collection":[{"href":"https:\/\/oswiataberlin.de\/de\/wp-json\/wp\/v2\/posts"}],"about":[{"href":"https:\/\/oswiataberlin.de\/de\/wp-json\/wp\/v2\/types\/post"}],"author":[{"embeddable":true,"href":"https:\/\/oswiataberlin.de\/de\/wp-json\/wp\/v2\/users\/1"}],"replies":[{"embeddable":true,"href":"https:\/\/oswiataberlin.de\/de\/wp-json\/wp\/v2\/comments?post=1756"}],"version-history":[{"count":18,"href":"https:\/\/oswiataberlin.de\/de\/wp-json\/wp\/v2\/posts\/1756\/revisions"}],"predecessor-version":[{"id":3335,"href":"https:\/\/oswiataberlin.de\/de\/wp-json\/wp\/v2\/posts\/1756\/revisions\/3335"}],"wp:featuredmedia":[{"embeddable":true,"href":"https:\/\/oswiataberlin.de\/de\/wp-json\/wp\/v2\/media\/1757"}],"wp:attachment":[{"href":"https:\/\/oswiataberlin.de\/de\/wp-json\/wp\/v2\/media?parent=1756"}],"wp:term":[{"taxonomy":"category","embeddable":true,"href":"https:\/\/oswiataberlin.de\/de\/wp-json\/wp\/v2\/categories?post=1756"},{"taxonomy":"post_tag","embeddable":true,"href":"https:\/\/oswiataberlin.de\/de\/wp-json\/wp\/v2\/tags?post=1756"}],"curies":[{"name":"wp","href":"https:\/\/api.w.org\/{rel}","templated":true}]}}